
{"id":85804,"date":"2020-03-30T20:03:45","date_gmt":"2020-03-30T23:03:45","guid":{"rendered":"https:\/\/www.sudoestehoje.com.br\/novoportal\/?p=85804"},"modified":"2020-03-30T20:03:45","modified_gmt":"2020-03-30T23:03:45","slug":"engenheiro-civil-de-64-anos-e-a-segunda-vitima-fatal-do-coronavirus-na-bahia","status":"publish","type":"post","link":"https:\/\/www.sudoestehoje.com.br\/novoportal\/2020\/03\/30\/engenheiro-civil-de-64-anos-e-a-segunda-vitima-fatal-do-coronavirus-na-bahia\/","title":{"rendered":"ENGENHEIRO CIVIL DE 64 ANOS \u00c9 A SEGUNDA V\u00cdTIMA FATAL DO CORONAV\u00cdRUS NA BAHIA"},"content":{"rendered":"<p><a href=\"https:\/\/www.sudoestehoje.com.br\/novoportal\/wp-content\/uploads\/2020\/03\/Alian\u00e7a-1.jpg\"><img loading=\"lazy\" decoding=\"async\" class=\"aligncenter size-medium wp-image-85808\" src=\"https:\/\/www.sudoestehoje.com.br\/novoportal\/wp-content\/uploads\/2020\/03\/Alian\u00e7a-1-500x295.jpg\" alt=\"\" width=\"500\" height=\"295\" srcset=\"https:\/\/www.sudoestehoje.com.br\/novoportal\/wp-content\/uploads\/2020\/03\/Alian\u00e7a-1-500x295.jpg 500w, https:\/\/www.sudoestehoje.com.br\/novoportal\/wp-content\/uploads\/2020\/03\/Alian\u00e7a-1-768x453.jpg 768w, https:\/\/www.sudoestehoje.com.br\/novoportal\/wp-content\/uploads\/2020\/03\/Alian\u00e7a-1-700x413.jpg 700w, https:\/\/www.sudoestehoje.com.br\/novoportal\/wp-content\/uploads\/2020\/03\/Alian\u00e7a-1.jpg 800w\" sizes=\"auto, (max-width: 500px) 100vw, 500px\" \/><\/a><\/p>\n<p>O secret\u00e1rio de Sa\u00fade do estado (Sesab), F\u00e1bio Vilas-Boas confirmou a segunda morte pelo novo coronav\u00edrus na Bahia. Trata-se de um homem de 64 anos que era diab\u00e9tico e hipertenso. A v\u00edtima estava internada no Hospital Alian\u00e7a, em Salvador.<\/p>\n<p><em>\u201cCom muita tristeza uno-me aos familiares, amigos e profissionais do Hospital Alian\u00e7a que travaram uma longa batalha pela vida de um paciente de 64 anos, previamente h\u00edgido, segunda v\u00edtima fatal do COVID-19 na Bahia\u201d<\/em>, escreveu o secret\u00e1rio.<\/p>\n<p>Conforme apurou o Bahia Not\u00edcias,<strong> a v\u00edtima foi o engenheiro civil Marcos Souza, um dos s\u00f3cios da Ebisa.<\/strong>\u00a0Segundo o hospital, ele estava internado desde o dia 17 deste m\u00eas, e faleceu \u00e0s 18h45.<\/p>\n","protected":false},"excerpt":{"rendered":"<p>O secret\u00e1rio de Sa\u00fade do estado (Sesab), F\u00e1bio Vilas-Boas confirmou a segunda morte pelo novo coronav\u00edrus na Bahia. Trata-se de um homem de 64 anos que era diab\u00e9tico e hipertenso. A v\u00edtima estava internada no Hospital Alian\u00e7a, em Salvador. \u201cCom muita tristeza uno-me aos familiares, amigos e profissionais do Hospital Alian\u00e7a que travaram uma longa [&hellip;]<\/p>\n","protected":false},"author":2,"featured_media":85808,"comment_status":"open","ping_status":"open","sticky":false,"template":"","format":"standard","meta":{"footnotes":"","_links_to":"","_links_to_target":""},"categories":[1],"tags":[],"class_list":["post-85804","post","type-post","status-publish","format-standard","has-post-thumbnail","hentry","category-geral"],"views":719,"_links":{"self":[{"href":"https:\/\/www.sudoestehoje.com.br\/novoportal\/wp-json\/wp\/v2\/posts\/85804","targetHints":{"allow":["GET"]}}],"collection":[{"href":"https:\/\/www.sudoestehoje.com.br\/novoportal\/wp-json\/wp\/v2\/posts"}],"about":[{"href":"https:\/\/www.sudoestehoje.com.br\/novoportal\/wp-json\/wp\/v2\/types\/post"}],"author":[{"embeddable":true,"href":"https:\/\/www.sudoestehoje.com.br\/novoportal\/wp-json\/wp\/v2\/users\/2"}],"replies":[{"embeddable":true,"href":"https:\/\/www.sudoestehoje.com.br\/novoportal\/wp-json\/wp\/v2\/comments?post=85804"}],"version-history":[{"count":3,"href":"https:\/\/www.sudoestehoje.com.br\/novoportal\/wp-json\/wp\/v2\/posts\/85804\/revisions"}],"predecessor-version":[{"id":85809,"href":"https:\/\/www.sudoestehoje.com.br\/novoportal\/wp-json\/wp\/v2\/posts\/85804\/revisions\/85809"}],"wp:featuredmedia":[{"embeddable":true,"href":"https:\/\/www.sudoestehoje.com.br\/novoportal\/wp-json\/wp\/v2\/media\/85808"}],"wp:attachment":[{"href":"https:\/\/www.sudoestehoje.com.br\/novoportal\/wp-json\/wp\/v2\/media?parent=85804"}],"wp:term":[{"taxonomy":"category","embeddable":true,"href":"https:\/\/www.sudoestehoje.com.br\/novoportal\/wp-json\/wp\/v2\/categories?post=85804"},{"taxonomy":"post_tag","embeddable":true,"href":"https:\/\/www.sudoestehoje.com.br\/novoportal\/wp-json\/wp\/v2\/tags?post=85804"}],"curies":[{"name":"wp","href":"https:\/\/api.w.org\/{rel}","templated":true}]}}