
{"id":85799,"date":"2020-03-30T19:51:27","date_gmt":"2020-03-30T22:51:27","guid":{"rendered":"https:\/\/www.sudoestehoje.com.br\/novoportal\/?p=85799"},"modified":"2020-03-30T19:51:27","modified_gmt":"2020-03-30T22:51:27","slug":"senado-aprova-projeto-que-preve-r-600-mensais-a-trabalhadores-informais","status":"publish","type":"post","link":"https:\/\/www.sudoestehoje.com.br\/novoportal\/2020\/03\/30\/senado-aprova-projeto-que-preve-r-600-mensais-a-trabalhadores-informais\/","title":{"rendered":"SENADO APROVA PROJETO QUE PREV\u00ca R$ 600 MENSAIS A TRABALHADORES INFORMAIS"},"content":{"rendered":"<div class=\"mc-column content-text active-extra-styles \" data-block-type=\"unstyled\" data-block-weight=\"46\" data-block-id=\"2\">\n<p data-track-category=\"Link no Texto\" data-track-links=\"\"><a href=\"https:\/\/www.sudoestehoje.com.br\/novoportal\/wp-content\/uploads\/2020\/03\/sessao-virtual-senado.jpg\"><img loading=\"lazy\" decoding=\"async\" class=\"aligncenter size-medium wp-image-85800\" src=\"https:\/\/www.sudoestehoje.com.br\/novoportal\/wp-content\/uploads\/2020\/03\/sessao-virtual-senado-500x331.jpg\" alt=\"\" width=\"500\" height=\"331\" srcset=\"https:\/\/www.sudoestehoje.com.br\/novoportal\/wp-content\/uploads\/2020\/03\/sessao-virtual-senado-500x331.jpg 500w, https:\/\/www.sudoestehoje.com.br\/novoportal\/wp-content\/uploads\/2020\/03\/sessao-virtual-senado.jpg 640w\" sizes=\"auto, (max-width: 500px) 100vw, 500px\" \/><\/a><\/p>\n<p class=\"content-text__container \" data-track-category=\"Link no Texto\" data-track-links=\"\">O\u00a0Senado\u00a0aprovou nesta segunda-feira (30) em sess\u00e3o virtual, por 79 votos votos a zero, o projeto que prev\u00ea o\u00a0<strong>repasse de R$ 600 mensais a trabalhadores informais<\/strong>. A aprova\u00e7\u00e3o foi motivada pela\u00a0pandemia\u00a0do novo coronav\u00edrus, e o texto prev\u00ea o pagamento por tr\u00eas meses.<\/p>\n<\/div>\n<div class=\"wall protected-content\">\n<div class=\"mc-column content-text active-extra-styles \" data-block-type=\"unstyled\" data-block-weight=\"34\" data-block-id=\"3\">\n<p class=\"content-text__container \" data-track-category=\"Link no Texto\" data-track-links=\"\">A proposta foi\u00a0aprovada pela <a href=\"https:\/\/g1.globo.com\/politica\/noticia\/2020\/03\/26\/coronavirus-camara-aprova-projeto-que-preve-r-600-por-mes-para-trabalhador-informal.ghtml\">C<\/a>\u00e2mara dos Deputados\u00a0na semana passada segue para a san\u00e7\u00e3o do presidente\u00a0Jair Bolsonaro. Segundo o projeto, o pagamento do aux\u00edlio ser\u00e1\u00a0<strong>limitado a duas pessoas da mesma fam\u00edlia<\/strong>.<\/p>\n<\/div>\n<div class=\"mc-column content-text active-extra-styles \" data-block-type=\"unstyled\" data-block-weight=\"19\" data-block-id=\"4\">\n<p class=\"content-text__container \" data-track-category=\"Link no Texto\" data-track-links=\"\">O projeto do governo previa R$ 200 por m\u00eas. No Congresso, os parlamentares aumentaram o valor para R$ 600.<\/p>\n<\/div>\n<\/div>\n","protected":false},"excerpt":{"rendered":"<p>O\u00a0Senado\u00a0aprovou nesta segunda-feira (30) em sess\u00e3o virtual, por 79 votos votos a zero, o projeto que prev\u00ea o\u00a0repasse de R$ 600 mensais a trabalhadores informais. A aprova\u00e7\u00e3o foi motivada pela\u00a0pandemia\u00a0do novo coronav\u00edrus, e o texto prev\u00ea o pagamento por tr\u00eas meses. A proposta foi\u00a0aprovada pela C\u00e2mara dos Deputados\u00a0na semana passada segue para a san\u00e7\u00e3o do [&hellip;]<\/p>\n","protected":false},"author":2,"featured_media":85800,"comment_status":"open","ping_status":"open","sticky":false,"template":"","format":"standard","meta":{"footnotes":"","_links_to":"","_links_to_target":""},"categories":[1],"tags":[],"class_list":["post-85799","post","type-post","status-publish","format-standard","has-post-thumbnail","hentry","category-geral"],"views":752,"_links":{"self":[{"href":"https:\/\/www.sudoestehoje.com.br\/novoportal\/wp-json\/wp\/v2\/posts\/85799","targetHints":{"allow":["GET"]}}],"collection":[{"href":"https:\/\/www.sudoestehoje.com.br\/novoportal\/wp-json\/wp\/v2\/posts"}],"about":[{"href":"https:\/\/www.sudoestehoje.com.br\/novoportal\/wp-json\/wp\/v2\/types\/post"}],"author":[{"embeddable":true,"href":"https:\/\/www.sudoestehoje.com.br\/novoportal\/wp-json\/wp\/v2\/users\/2"}],"replies":[{"embeddable":true,"href":"https:\/\/www.sudoestehoje.com.br\/novoportal\/wp-json\/wp\/v2\/comments?post=85799"}],"version-history":[{"count":1,"href":"https:\/\/www.sudoestehoje.com.br\/novoportal\/wp-json\/wp\/v2\/posts\/85799\/revisions"}],"predecessor-version":[{"id":85801,"href":"https:\/\/www.sudoestehoje.com.br\/novoportal\/wp-json\/wp\/v2\/posts\/85799\/revisions\/85801"}],"wp:featuredmedia":[{"embeddable":true,"href":"https:\/\/www.sudoestehoje.com.br\/novoportal\/wp-json\/wp\/v2\/media\/85800"}],"wp:attachment":[{"href":"https:\/\/www.sudoestehoje.com.br\/novoportal\/wp-json\/wp\/v2\/media?parent=85799"}],"wp:term":[{"taxonomy":"category","embeddable":true,"href":"https:\/\/www.sudoestehoje.com.br\/novoportal\/wp-json\/wp\/v2\/categories?post=85799"},{"taxonomy":"post_tag","embeddable":true,"href":"https:\/\/www.sudoestehoje.com.br\/novoportal\/wp-json\/wp\/v2\/tags?post=85799"}],"curies":[{"name":"wp","href":"https:\/\/api.w.org\/{rel}","templated":true}]}}