
{"id":85778,"date":"2020-03-29T20:40:30","date_gmt":"2020-03-29T23:40:30","guid":{"rendered":"https:\/\/www.sudoestehoje.com.br\/novoportal\/?p=85778"},"modified":"2020-03-29T21:28:25","modified_gmt":"2020-03-30T00:28:25","slug":"itapetinga-cupula-do-pt-da-bahia-pode-ter-sido-infectada-por-ex-prefeito-de-itororo-em-convencao","status":"publish","type":"post","link":"https:\/\/www.sudoestehoje.com.br\/novoportal\/2020\/03\/29\/itapetinga-cupula-do-pt-da-bahia-pode-ter-sido-infectada-por-ex-prefeito-de-itororo-em-convencao\/","title":{"rendered":"ITAPETINGA: C\u00daPULA DO PT DA BAHIA PODE TER SIDO INFECTADA POR EX-PREFEITO DE ITOROR\u00d3 EM CONVEN\u00c7\u00c3O"},"content":{"rendered":"<p><a href=\"https:\/\/www.sudoestehoje.com.br\/novoportal\/wp-content\/uploads\/2020\/03\/josias-1.jpg\"><img loading=\"lazy\" decoding=\"async\" class=\"aligncenter size-medium wp-image-85775\" src=\"https:\/\/www.sudoestehoje.com.br\/novoportal\/wp-content\/uploads\/2020\/03\/josias-1-500x282.jpg\" alt=\"\" width=\"500\" height=\"282\" srcset=\"https:\/\/www.sudoestehoje.com.br\/novoportal\/wp-content\/uploads\/2020\/03\/josias-1-500x282.jpg 500w, https:\/\/www.sudoestehoje.com.br\/novoportal\/wp-content\/uploads\/2020\/03\/josias-1-768x432.jpg 768w, https:\/\/www.sudoestehoje.com.br\/novoportal\/wp-content\/uploads\/2020\/03\/josias-1-700x394.jpg 700w, https:\/\/www.sudoestehoje.com.br\/novoportal\/wp-content\/uploads\/2020\/03\/josias-1.jpg 959w\" sizes=\"auto, (max-width: 500px) 100vw, 500px\" \/><\/a><\/p>\n<p>Ap\u00f3s a confirma\u00e7\u00e3o que o ex-prefeito de Itoror\u00f3 Adroaldo Almeida (PT) estar com a Covid-19 (<a href=\"https:\/\/www.bahianoticias.com.br\/noticia\/246094-ex-prefeito-de-itororo-revela-que-contraiu-coronavirus-estou-me-recuperando-bem.html\" target=\"_blank\" rel=\"noopener noreferrer\">reveja aqui<\/a>), a preocupa\u00e7\u00e3o agora \u00e9 com a infe\u00e7\u00e3o de outros munic\u00edpios. Almeida participou do Encontro Territorial do Partido dos Trabalhadores, em Itapetinga, no dia 14 de mar\u00e7o e pode ter infectado quem estava l\u00e1.<\/p>\n<p>O evento que contou com participantes dos 13 munic\u00edpios que comp\u00f5em o territ\u00f3rio m\u00e9dio sudoeste da Bahia. Dentre os presentes estavam o ex-prefeito de Itapetinga, Jos\u00e9 Carlos Moura, que tem mais de 60 anos de idade, al\u00e9m do radialista Juraci Nunes, o prefeito de Itamb\u00e9 Eduardo Gama, o deputado federal Josias Gomes, o deputado estadual Rosemberg Pinto e o presidente do PT na Bahia, \u00c9den Valadares, segundo o blog Fala meu Ilustre.<\/p>\n<p>Entre os munic\u00edpios que o v\u00edrus pode ter chegado est\u00e3o :Itapetinga, Macarani, Maiquinique, Itoror\u00f3, Firmino Alves, Santa Cruz, Potir\u00e1gua, Itamb\u00e9, Caatiba, Itarantim e Igua\u00ed.<\/p>\n<p>A cidade do ex-prefeito Aldroaldo tem 57 casos em monitoramento, 1 caso confirmado e 7 ainda aguardam o resultado dos exames, segundo a prefeitura do munic\u00edpio. <strong><em>\/\/Bahia Not\u00edcias<\/em><\/strong><\/p>\n","protected":false},"excerpt":{"rendered":"<p>Ap\u00f3s a confirma\u00e7\u00e3o que o ex-prefeito de Itoror\u00f3 Adroaldo Almeida (PT) estar com a Covid-19 (reveja aqui), a preocupa\u00e7\u00e3o agora \u00e9 com a infe\u00e7\u00e3o de outros munic\u00edpios. Almeida participou do Encontro Territorial do Partido dos Trabalhadores, em Itapetinga, no dia 14 de mar\u00e7o e pode ter infectado quem estava l\u00e1. O evento que contou com [&hellip;]<\/p>\n","protected":false},"author":2,"featured_media":0,"comment_status":"open","ping_status":"open","sticky":false,"template":"","format":"standard","meta":{"footnotes":"","_links_to":"","_links_to_target":""},"categories":[1],"tags":[],"class_list":["post-85778","post","type-post","status-publish","format-standard","hentry","category-geral"],"views":1204,"_links":{"self":[{"href":"https:\/\/www.sudoestehoje.com.br\/novoportal\/wp-json\/wp\/v2\/posts\/85778","targetHints":{"allow":["GET"]}}],"collection":[{"href":"https:\/\/www.sudoestehoje.com.br\/novoportal\/wp-json\/wp\/v2\/posts"}],"about":[{"href":"https:\/\/www.sudoestehoje.com.br\/novoportal\/wp-json\/wp\/v2\/types\/post"}],"author":[{"embeddable":true,"href":"https:\/\/www.sudoestehoje.com.br\/novoportal\/wp-json\/wp\/v2\/users\/2"}],"replies":[{"embeddable":true,"href":"https:\/\/www.sudoestehoje.com.br\/novoportal\/wp-json\/wp\/v2\/comments?post=85778"}],"version-history":[{"count":5,"href":"https:\/\/www.sudoestehoje.com.br\/novoportal\/wp-json\/wp\/v2\/posts\/85778\/revisions"}],"predecessor-version":[{"id":85783,"href":"https:\/\/www.sudoestehoje.com.br\/novoportal\/wp-json\/wp\/v2\/posts\/85778\/revisions\/85783"}],"wp:attachment":[{"href":"https:\/\/www.sudoestehoje.com.br\/novoportal\/wp-json\/wp\/v2\/media?parent=85778"}],"wp:term":[{"taxonomy":"category","embeddable":true,"href":"https:\/\/www.sudoestehoje.com.br\/novoportal\/wp-json\/wp\/v2\/categories?post=85778"},{"taxonomy":"post_tag","embeddable":true,"href":"https:\/\/www.sudoestehoje.com.br\/novoportal\/wp-json\/wp\/v2\/tags?post=85778"}],"curies":[{"name":"wp","href":"https:\/\/api.w.org\/{rel}","templated":true}]}}