
{"id":85763,"date":"2020-03-29T10:21:56","date_gmt":"2020-03-29T13:21:56","guid":{"rendered":"https:\/\/www.sudoestehoje.com.br\/novoportal\/?p=85763"},"modified":"2020-03-29T10:22:21","modified_gmt":"2020-03-29T13:22:21","slug":"bahia-registra-primeira-morte-por-coronavirus-em-salvador","status":"publish","type":"post","link":"https:\/\/www.sudoestehoje.com.br\/novoportal\/2020\/03\/29\/bahia-registra-primeira-morte-por-coronavirus-em-salvador\/","title":{"rendered":"BAHIA REGISTRA PRIMEIRA MORTE POR CORONAV\u00cdRUS EM SALVADOR"},"content":{"rendered":"<p><a href=\"https:\/\/www.sudoestehoje.com.br\/novoportal\/wp-content\/uploads\/2020\/03\/HBAHIA.jpg\"><img loading=\"lazy\" decoding=\"async\" class=\"aligncenter size-medium wp-image-85765\" src=\"https:\/\/www.sudoestehoje.com.br\/novoportal\/wp-content\/uploads\/2020\/03\/HBAHIA-500x375.jpg\" alt=\"\" width=\"500\" height=\"375\" srcset=\"https:\/\/www.sudoestehoje.com.br\/novoportal\/wp-content\/uploads\/2020\/03\/HBAHIA-500x375.jpg 500w, https:\/\/www.sudoestehoje.com.br\/novoportal\/wp-content\/uploads\/2020\/03\/HBAHIA.jpg 512w\" sizes=\"auto, (max-width: 500px) 100vw, 500px\" \/><\/a><\/p>\n<p>A Secretaria de Sa\u00fade do estado da Bahia (Sesab) informou neste domingo (29) que o primeiro \u00f3bito pelo novo coronav\u00edrus foi registrado no estado. <strong>O paciente era um homem de 74 anos que estava internado no Hospital da Bahia, em Salvador<\/strong>, em estado grave, intubado e em di\u00e1lise cont\u00ednua.<\/p>\n<p>Em seu \u00faltimo boletim di\u00e1rio, neste s\u00e1bado (28), a secretaria divulgou que o n\u00famero de casos confirmados na Bahia era de 127. As cidades que j\u00e1 registraram contaminados pela doen\u00e7a s\u00e3o: Alagoinhas (01); Barreiras (01); Brumado (01); Cama\u00e7ari (01); Canarana (01); Concei\u00e7\u00e3o do Jacu\u00edpe (01); Conde (01); Feira de Santana (09); Ilh\u00e9us (02); Itajib\u00e1 (01); Itabuna (02); Jequi\u00e9 (01); Juazeiro (02); Lauro de Freitas (07); Porto Seguro (10); Prado (03); Salvador (81); S\u00e3o Domingos (01); Teixeira de Freitas (01).<\/p>\n<p>Novo boletim atualizado da Sesab est\u00e1 previsto para ser divulgado \u00e0s 17h deste domingo.<\/p>\n","protected":false},"excerpt":{"rendered":"<p>A Secretaria de Sa\u00fade do estado da Bahia (Sesab) informou neste domingo (29) que o primeiro \u00f3bito pelo novo coronav\u00edrus foi registrado no estado. O paciente era um homem de 74 anos que estava internado no Hospital da Bahia, em Salvador, em estado grave, intubado e em di\u00e1lise cont\u00ednua. Em seu \u00faltimo boletim di\u00e1rio, neste [&hellip;]<\/p>\n","protected":false},"author":2,"featured_media":85765,"comment_status":"open","ping_status":"open","sticky":false,"template":"","format":"standard","meta":{"footnotes":"","_links_to":"","_links_to_target":""},"categories":[1],"tags":[],"class_list":["post-85763","post","type-post","status-publish","format-standard","has-post-thumbnail","hentry","category-geral"],"views":756,"_links":{"self":[{"href":"https:\/\/www.sudoestehoje.com.br\/novoportal\/wp-json\/wp\/v2\/posts\/85763","targetHints":{"allow":["GET"]}}],"collection":[{"href":"https:\/\/www.sudoestehoje.com.br\/novoportal\/wp-json\/wp\/v2\/posts"}],"about":[{"href":"https:\/\/www.sudoestehoje.com.br\/novoportal\/wp-json\/wp\/v2\/types\/post"}],"author":[{"embeddable":true,"href":"https:\/\/www.sudoestehoje.com.br\/novoportal\/wp-json\/wp\/v2\/users\/2"}],"replies":[{"embeddable":true,"href":"https:\/\/www.sudoestehoje.com.br\/novoportal\/wp-json\/wp\/v2\/comments?post=85763"}],"version-history":[{"count":3,"href":"https:\/\/www.sudoestehoje.com.br\/novoportal\/wp-json\/wp\/v2\/posts\/85763\/revisions"}],"predecessor-version":[{"id":85768,"href":"https:\/\/www.sudoestehoje.com.br\/novoportal\/wp-json\/wp\/v2\/posts\/85763\/revisions\/85768"}],"wp:featuredmedia":[{"embeddable":true,"href":"https:\/\/www.sudoestehoje.com.br\/novoportal\/wp-json\/wp\/v2\/media\/85765"}],"wp:attachment":[{"href":"https:\/\/www.sudoestehoje.com.br\/novoportal\/wp-json\/wp\/v2\/media?parent=85763"}],"wp:term":[{"taxonomy":"category","embeddable":true,"href":"https:\/\/www.sudoestehoje.com.br\/novoportal\/wp-json\/wp\/v2\/categories?post=85763"},{"taxonomy":"post_tag","embeddable":true,"href":"https:\/\/www.sudoestehoje.com.br\/novoportal\/wp-json\/wp\/v2\/tags?post=85763"}],"curies":[{"name":"wp","href":"https:\/\/api.w.org\/{rel}","templated":true}]}}