
{"id":85752,"date":"2020-03-28T21:08:14","date_gmt":"2020-03-29T00:08:14","guid":{"rendered":"https:\/\/www.sudoestehoje.com.br\/novoportal\/?p=85752"},"modified":"2020-03-28T22:46:36","modified_gmt":"2020-03-29T01:46:36","slug":"ex-prefeito-adroaldo-e-o-paciente-que-testou-positivo-para-coronavirus-em-itororo","status":"publish","type":"post","link":"https:\/\/www.sudoestehoje.com.br\/novoportal\/2020\/03\/28\/ex-prefeito-adroaldo-e-o-paciente-que-testou-positivo-para-coronavirus-em-itororo\/","title":{"rendered":"V\u00cdDEO: EX-PREFEITO DE ITOROR\u00d3 ANUNCIA QUE TESTOU POSITIVO PARA CORONAV\u00cdRUS"},"content":{"rendered":"<p><a href=\"https:\/\/www.sudoestehoje.com.br\/novoportal\/wp-content\/uploads\/2020\/03\/ADROALDO-VIRUS.jpg\"><img loading=\"lazy\" decoding=\"async\" class=\"aligncenter size-medium wp-image-85758\" src=\"https:\/\/www.sudoestehoje.com.br\/novoportal\/wp-content\/uploads\/2020\/03\/ADROALDO-VIRUS-500x260.jpg\" alt=\"\" width=\"500\" height=\"260\" srcset=\"https:\/\/www.sudoestehoje.com.br\/novoportal\/wp-content\/uploads\/2020\/03\/ADROALDO-VIRUS-500x260.jpg 500w, https:\/\/www.sudoestehoje.com.br\/novoportal\/wp-content\/uploads\/2020\/03\/ADROALDO-VIRUS-768x400.jpg 768w, https:\/\/www.sudoestehoje.com.br\/novoportal\/wp-content\/uploads\/2020\/03\/ADROALDO-VIRUS-700x364.jpg 700w, https:\/\/www.sudoestehoje.com.br\/novoportal\/wp-content\/uploads\/2020\/03\/ADROALDO-VIRUS.jpg 1080w\" sizes=\"auto, (max-width: 500px) 100vw, 500px\" \/><\/a><\/p>\n<p>Atrav\u00e9s de v\u00eddeo divulgado nas redes sociais, o ex-prefeito de Itoror\u00f3, Adroaldo Almeida (PT), anunciou que \u00e9 ele o paciente com teste positivo para o Coronav\u00edrus.<\/p>\n<p>Adroaldo relatou que come\u00e7ou a sentir os sintomas do Covid-19 a partir do dia 20 deste m\u00eas de mar\u00e7o, mas que passa bem e est\u00e1 se recuperando em casa.<\/p>\n<p>Seis dias antes de sentir os sintomas do Coronav\u00edrus, o ex-prefeito Adroaldo participou de um Encontro Regional do PT, em Itapetinga, ao lado de todo o staff petista regional e estadual, como o deputado estadual Rosemberg Pinto, prefeitos, assessores e imprensa aliada ao PT.<\/p>\n<p>No dia seguinte, Adroaldo se reuniu com cerca de 60 pessoas em Itoror\u00f3, num encontro com pr\u00e9-candidatos a vereador que apoiam a sua pr\u00e9-candidatura a prefeito. <strong><em>Confira v\u00eddeo:<\/em><\/strong><\/p>\n<p>https:\/\/www.facebook.com\/davi.ferraz.9\/videos\/2913952912029424\/<\/p>\n<p><strong><em>Por Davi Ferraz<\/em><\/strong><\/p>\n","protected":false},"excerpt":{"rendered":"<p>Atrav\u00e9s de v\u00eddeo divulgado nas redes sociais, o ex-prefeito de Itoror\u00f3, Adroaldo Almeida (PT), anunciou que \u00e9 ele o paciente com teste positivo para o Coronav\u00edrus. Adroaldo relatou que come\u00e7ou a sentir os sintomas do Covid-19 a partir do dia 20 deste m\u00eas de mar\u00e7o, mas que passa bem e est\u00e1 se recuperando em casa. [&hellip;]<\/p>\n","protected":false},"author":2,"featured_media":85758,"comment_status":"open","ping_status":"open","sticky":false,"template":"","format":"standard","meta":{"footnotes":"","_links_to":"","_links_to_target":""},"categories":[1],"tags":[],"class_list":["post-85752","post","type-post","status-publish","format-standard","has-post-thumbnail","hentry","category-geral"],"views":990,"_links":{"self":[{"href":"https:\/\/www.sudoestehoje.com.br\/novoportal\/wp-json\/wp\/v2\/posts\/85752","targetHints":{"allow":["GET"]}}],"collection":[{"href":"https:\/\/www.sudoestehoje.com.br\/novoportal\/wp-json\/wp\/v2\/posts"}],"about":[{"href":"https:\/\/www.sudoestehoje.com.br\/novoportal\/wp-json\/wp\/v2\/types\/post"}],"author":[{"embeddable":true,"href":"https:\/\/www.sudoestehoje.com.br\/novoportal\/wp-json\/wp\/v2\/users\/2"}],"replies":[{"embeddable":true,"href":"https:\/\/www.sudoestehoje.com.br\/novoportal\/wp-json\/wp\/v2\/comments?post=85752"}],"version-history":[{"count":8,"href":"https:\/\/www.sudoestehoje.com.br\/novoportal\/wp-json\/wp\/v2\/posts\/85752\/revisions"}],"predecessor-version":[{"id":85762,"href":"https:\/\/www.sudoestehoje.com.br\/novoportal\/wp-json\/wp\/v2\/posts\/85752\/revisions\/85762"}],"wp:featuredmedia":[{"embeddable":true,"href":"https:\/\/www.sudoestehoje.com.br\/novoportal\/wp-json\/wp\/v2\/media\/85758"}],"wp:attachment":[{"href":"https:\/\/www.sudoestehoje.com.br\/novoportal\/wp-json\/wp\/v2\/media?parent=85752"}],"wp:term":[{"taxonomy":"category","embeddable":true,"href":"https:\/\/www.sudoestehoje.com.br\/novoportal\/wp-json\/wp\/v2\/categories?post=85752"},{"taxonomy":"post_tag","embeddable":true,"href":"https:\/\/www.sudoestehoje.com.br\/novoportal\/wp-json\/wp\/v2\/tags?post=85752"}],"curies":[{"name":"wp","href":"https:\/\/api.w.org\/{rel}","templated":true}]}}