
{"id":85747,"date":"2020-03-28T20:04:05","date_gmt":"2020-03-28T23:04:05","guid":{"rendered":"https:\/\/www.sudoestehoje.com.br\/novoportal\/?p=85747"},"modified":"2020-03-28T20:49:39","modified_gmt":"2020-03-28T23:49:39","slug":"municipio-de-itororo-registra-primeiro-caso-confirmado-de-coronavirus","status":"publish","type":"post","link":"https:\/\/www.sudoestehoje.com.br\/novoportal\/2020\/03\/28\/municipio-de-itororo-registra-primeiro-caso-confirmado-de-coronavirus\/","title":{"rendered":"MUNIC\u00cdPIO DE ITOROR\u00d3 REGISTRA PRIMEIRO CASO CONFIRMADO DE CORONAV\u00cdRUS"},"content":{"rendered":"<p><a href=\"https:\/\/www.sudoestehoje.com.br\/novoportal\/wp-content\/uploads\/2020\/03\/ITORORO.jpg\"><img loading=\"lazy\" decoding=\"async\" class=\"aligncenter wp-image-85748\" src=\"https:\/\/www.sudoestehoje.com.br\/novoportal\/wp-content\/uploads\/2020\/03\/ITORORO.jpg\" alt=\"\" width=\"500\" height=\"376\" \/><\/a><\/p>\n<p>O primeiro caso de Coronav\u00edrus foi confirmado no munic\u00edpio de Itoror\u00f3, atrav\u00e9s de teste realizado pelo Laborat\u00f3rio Central (LACEN), em Salvador, com material encaminhado pela Secretaria Municipal de Sa\u00fade. O resultado positivo foi confirmado na tarde deste s\u00e1bado (28).<\/p>\n<p>De acordo com informa\u00e7\u00f5es da Secretaria de Sa\u00fade, o paciente de identidade preservada, est\u00e1 em isolamento domiciliar e em recupera\u00e7\u00e3o.<\/p>\n<p>O prefeito de Itoror\u00f3, Adauto Almeida, e a secret\u00e1ria de sa\u00fade Marc\u00edlia Costa far\u00e3o um pronunciamento oficial sobre o caso, neste domingo (29). \/\/<em>Informa\u00e7\u00f5es do Blog Itoror\u00f3 J\u00e1<\/em><\/p>\n","protected":false},"excerpt":{"rendered":"<p>O primeiro caso de Coronav\u00edrus foi confirmado no munic\u00edpio de Itoror\u00f3, atrav\u00e9s de teste realizado pelo Laborat\u00f3rio Central (LACEN), em Salvador, com material encaminhado pela Secretaria Municipal de Sa\u00fade. O resultado positivo foi confirmado na tarde deste s\u00e1bado (28). De acordo com informa\u00e7\u00f5es da Secretaria de Sa\u00fade, o paciente de identidade preservada, est\u00e1 em isolamento [&hellip;]<\/p>\n","protected":false},"author":2,"featured_media":85748,"comment_status":"open","ping_status":"open","sticky":false,"template":"","format":"standard","meta":{"footnotes":"","_links_to":"","_links_to_target":""},"categories":[1],"tags":[],"class_list":["post-85747","post","type-post","status-publish","format-standard","has-post-thumbnail","hentry","category-geral"],"views":1505,"_links":{"self":[{"href":"https:\/\/www.sudoestehoje.com.br\/novoportal\/wp-json\/wp\/v2\/posts\/85747","targetHints":{"allow":["GET"]}}],"collection":[{"href":"https:\/\/www.sudoestehoje.com.br\/novoportal\/wp-json\/wp\/v2\/posts"}],"about":[{"href":"https:\/\/www.sudoestehoje.com.br\/novoportal\/wp-json\/wp\/v2\/types\/post"}],"author":[{"embeddable":true,"href":"https:\/\/www.sudoestehoje.com.br\/novoportal\/wp-json\/wp\/v2\/users\/2"}],"replies":[{"embeddable":true,"href":"https:\/\/www.sudoestehoje.com.br\/novoportal\/wp-json\/wp\/v2\/comments?post=85747"}],"version-history":[{"count":3,"href":"https:\/\/www.sudoestehoje.com.br\/novoportal\/wp-json\/wp\/v2\/posts\/85747\/revisions"}],"predecessor-version":[{"id":85751,"href":"https:\/\/www.sudoestehoje.com.br\/novoportal\/wp-json\/wp\/v2\/posts\/85747\/revisions\/85751"}],"wp:featuredmedia":[{"embeddable":true,"href":"https:\/\/www.sudoestehoje.com.br\/novoportal\/wp-json\/wp\/v2\/media\/85748"}],"wp:attachment":[{"href":"https:\/\/www.sudoestehoje.com.br\/novoportal\/wp-json\/wp\/v2\/media?parent=85747"}],"wp:term":[{"taxonomy":"category","embeddable":true,"href":"https:\/\/www.sudoestehoje.com.br\/novoportal\/wp-json\/wp\/v2\/categories?post=85747"},{"taxonomy":"post_tag","embeddable":true,"href":"https:\/\/www.sudoestehoje.com.br\/novoportal\/wp-json\/wp\/v2\/tags?post=85747"}],"curies":[{"name":"wp","href":"https:\/\/api.w.org\/{rel}","templated":true}]}}