
{"id":85739,"date":"2020-03-28T15:42:38","date_gmt":"2020-03-28T18:42:38","guid":{"rendered":"https:\/\/www.sudoestehoje.com.br\/novoportal\/?p=85739"},"modified":"2020-03-28T15:42:38","modified_gmt":"2020-03-28T18:42:38","slug":"itapetinga-prefeito-rodrigo-hagge-se-reune-com-cdl-neste-domingo-para-avaliar-reabertura-do-comercio","status":"publish","type":"post","link":"https:\/\/www.sudoestehoje.com.br\/novoportal\/2020\/03\/28\/itapetinga-prefeito-rodrigo-hagge-se-reune-com-cdl-neste-domingo-para-avaliar-reabertura-do-comercio\/","title":{"rendered":"ITAPETINGA: PREFEITO RODRIGO HAGGE SE RE\u00daNE COM CDL NESTE DOMINGO PARA AVALIAR REABERTURA DO COM\u00c9RCIO"},"content":{"rendered":"<div id=\"attachment_85743\" style=\"width: 510px\" class=\"wp-caption aligncenter\"><a href=\"https:\/\/www.sudoestehoje.com.br\/novoportal\/wp-content\/uploads\/2020\/03\/aberto-comercio.jpg\"><img loading=\"lazy\" decoding=\"async\" aria-describedby=\"caption-attachment-85743\" class=\"size-medium wp-image-85743\" src=\"https:\/\/www.sudoestehoje.com.br\/novoportal\/wp-content\/uploads\/2020\/03\/aberto-comercio-500x375.jpg\" alt=\"\" width=\"500\" height=\"375\" \/><\/a><p id=\"caption-attachment-85743\" class=\"wp-caption-text\"><strong><em>COM\u00c9RCIO DE ITAPETINGA &#8211; FOTO ARQUIVO SUDOESTE HOJE<\/em><\/strong><\/p><\/div>\n<p>Uma reuni\u00e3o entre o Comit\u00ea de Crise nomeado pelo prefeito Rodrigo Hagge e a CDL de Itapetinga est\u00e1 agendada para este domingo, para avaliar a possibilidade de reabertura do com\u00e9rcio local, fechado desde a semana passada, como medida para evitar a propaga\u00e7\u00e3o do Coronav\u00edrus no munic\u00edpio.<\/p>\n<p>De l\u00e1 para c\u00e1, as medidas contra o Covid-19 foram sendo alteradas pelo pr\u00f3prio Governo Federal e tamb\u00e9m o Governo da Bahia, que j\u00e1 defendem abertamente o funcionamento normal do com\u00e9rcio nas cidades que ainda n\u00e3o tiveram casos confirmados do novo v\u00edrus.<\/p>\n<p>Em Itapetinga, apesar de haver alguns casos suspeitos, nenhum ainda foi confirmado pelas autoridades sanit\u00e1rias do Estado.<\/p>\n<p>Com isso, um movimento natural por parte dos comerciantes formais e aut\u00f4nomos, e da pr\u00f3pria sociedade, vem crescendo atrav\u00e9s das m\u00eddias sociais, e a possibilidade de reabertura das lojas e feiras livres na cidade \u00e9 grande, apesar dos riscos.<\/p>\n<p>Outro fator importante \u00e9 a necessidade de manuten\u00e7\u00e3o da renda das fam\u00edlias, que temem perder seu sustento, caso a atividade econ\u00f4mica continue paralisada.<\/p>\n<p>Caso a decis\u00e3o seja pela reabertura do com\u00e9rcio, medidas de prote\u00e7\u00e3o dos empregados e clientes precisam ser adotadas em todos os estabelecimentos.<\/p>\n<p><strong><em>Por Davi Ferraz<\/em><\/strong><\/p>\n","protected":false},"excerpt":{"rendered":"<p>Uma reuni\u00e3o entre o Comit\u00ea de Crise nomeado pelo prefeito Rodrigo Hagge e a CDL de Itapetinga est\u00e1 agendada para este domingo, para avaliar a possibilidade de reabertura do com\u00e9rcio local, fechado desde a semana passada, como medida para evitar a propaga\u00e7\u00e3o do Coronav\u00edrus no munic\u00edpio. De l\u00e1 para c\u00e1, as medidas contra o Covid-19 [&hellip;]<\/p>\n","protected":false},"author":2,"featured_media":85743,"comment_status":"open","ping_status":"open","sticky":false,"template":"","format":"standard","meta":{"footnotes":"","_links_to":"","_links_to_target":""},"categories":[1],"tags":[],"class_list":["post-85739","post","type-post","status-publish","format-standard","has-post-thumbnail","hentry","category-geral"],"views":1078,"_links":{"self":[{"href":"https:\/\/www.sudoestehoje.com.br\/novoportal\/wp-json\/wp\/v2\/posts\/85739","targetHints":{"allow":["GET"]}}],"collection":[{"href":"https:\/\/www.sudoestehoje.com.br\/novoportal\/wp-json\/wp\/v2\/posts"}],"about":[{"href":"https:\/\/www.sudoestehoje.com.br\/novoportal\/wp-json\/wp\/v2\/types\/post"}],"author":[{"embeddable":true,"href":"https:\/\/www.sudoestehoje.com.br\/novoportal\/wp-json\/wp\/v2\/users\/2"}],"replies":[{"embeddable":true,"href":"https:\/\/www.sudoestehoje.com.br\/novoportal\/wp-json\/wp\/v2\/comments?post=85739"}],"version-history":[{"count":5,"href":"https:\/\/www.sudoestehoje.com.br\/novoportal\/wp-json\/wp\/v2\/posts\/85739\/revisions"}],"predecessor-version":[{"id":85746,"href":"https:\/\/www.sudoestehoje.com.br\/novoportal\/wp-json\/wp\/v2\/posts\/85739\/revisions\/85746"}],"wp:featuredmedia":[{"embeddable":true,"href":"https:\/\/www.sudoestehoje.com.br\/novoportal\/wp-json\/wp\/v2\/media\/85743"}],"wp:attachment":[{"href":"https:\/\/www.sudoestehoje.com.br\/novoportal\/wp-json\/wp\/v2\/media?parent=85739"}],"wp:term":[{"taxonomy":"category","embeddable":true,"href":"https:\/\/www.sudoestehoje.com.br\/novoportal\/wp-json\/wp\/v2\/categories?post=85739"},{"taxonomy":"post_tag","embeddable":true,"href":"https:\/\/www.sudoestehoje.com.br\/novoportal\/wp-json\/wp\/v2\/tags?post=85739"}],"curies":[{"name":"wp","href":"https:\/\/api.w.org\/{rel}","templated":true}]}}