
{"id":85731,"date":"2020-03-27T19:51:20","date_gmt":"2020-03-27T22:51:20","guid":{"rendered":"https:\/\/www.sudoestehoje.com.br\/novoportal\/?p=85731"},"modified":"2020-03-27T19:51:20","modified_gmt":"2020-03-27T22:51:20","slug":"bahia-tem-15-novos-casos-do-covid-19-maioria-tem-entre-30-e-39-anos","status":"publish","type":"post","link":"https:\/\/www.sudoestehoje.com.br\/novoportal\/2020\/03\/27\/bahia-tem-15-novos-casos-do-covid-19-maioria-tem-entre-30-e-39-anos\/","title":{"rendered":"BAHIA TEM 15 NOVOS CASOS DO COVID-19; MAIORIA TEM ENTRE 30 E 39 ANOS"},"content":{"rendered":"<p><a href=\"https:\/\/www.sudoestehoje.com.br\/novoportal\/wp-content\/uploads\/2020\/03\/coronavirus-4914026_1920-1024x576.jpg\"><img loading=\"lazy\" decoding=\"async\" class=\"aligncenter size-medium wp-image-85733\" src=\"https:\/\/www.sudoestehoje.com.br\/novoportal\/wp-content\/uploads\/2020\/03\/coronavirus-4914026_1920-1024x576-500x281.jpg\" alt=\"\" width=\"500\" height=\"281\" srcset=\"https:\/\/www.sudoestehoje.com.br\/novoportal\/wp-content\/uploads\/2020\/03\/coronavirus-4914026_1920-1024x576-500x281.jpg 500w, https:\/\/www.sudoestehoje.com.br\/novoportal\/wp-content\/uploads\/2020\/03\/coronavirus-4914026_1920-1024x576-768x432.jpg 768w, https:\/\/www.sudoestehoje.com.br\/novoportal\/wp-content\/uploads\/2020\/03\/coronavirus-4914026_1920-1024x576-700x394.jpg 700w, https:\/\/www.sudoestehoje.com.br\/novoportal\/wp-content\/uploads\/2020\/03\/coronavirus-4914026_1920-1024x576.jpg 1024w\" sizes=\"auto, (max-width: 500px) 100vw, 500px\" \/><\/a><\/p>\n<p>A Secretaria da Sa\u00fade do Estado da Bahia (Sesab) confirmou, na tarde desta sexta-feira (27), mais 15 novos casos de contamina\u00e7\u00e3o pelo novo coronav\u00edrus no estado. Com isso, o total de casos confirmados no estado totaliza 123.<\/p>\n<div class=\"mc-column content-text active-extra-styles \" data-block-type=\"unstyled\" data-block-weight=\"39\" data-block-id=\"3\">\n<p class=\"content-text__container \" data-track-category=\"Link no Texto\" data-track-links=\"\">De acordo com a Sesab, todos os casos novos foram importados ou de transmiss\u00e3o local. A pasta ainda informou que 1.240 suspeitas foram descartadas e n\u00e3o h\u00e1 \u00f3bitos registrados. O \u00f3rg\u00e3o tamb\u00e9m divulgou que 2.702 casos est\u00e3o em investiga\u00e7\u00e3o.<\/p>\n<\/div>\n<div class=\"mc-column content-text active-extra-styles \" data-block-type=\"unstyled\" data-block-weight=\"34\" data-block-id=\"4\">\n<p class=\"content-text__container \" data-track-category=\"Link no Texto\" data-track-links=\"\">Segundo informa\u00e7\u00f5es do \u00f3rg\u00e3o, <strong>55,3% dos casos confirmados s\u00e3o mulheres e 44,7% s\u00e3o homens.<\/strong> <strong>A faixa de idade em que mais foram registrados casos foi entre 30 e 39 anos<\/strong>, representando 23,58% do total.<\/p>\n<\/div>\n<div class=\"mc-column content-text active-extra-styles \" data-block-type=\"unstyled\" data-block-weight=\"77\" data-block-id=\"5\">\n<p class=\"content-text__container \" data-track-category=\"Link no Texto\" data-track-links=\"\">Os munic\u00edpios com casos positivos s\u00e3o:<strong> Alagoinhas (01); Barreiras (01); Brumado (01); Cama\u00e7ari (01); Canarana (01); Concei\u00e7\u00e3o do Jacu\u00edpe (01); Conde (01); Feira de Santana (09); Ilh\u00e9us (02); Ipia\u00fa (01); Itabuna (02); Jequi\u00e9 (01); Juazeiro (02); Lauro de Freitas (05); Porto Seguro (10); Prado (02); Salvador (78 casos, sendo 60 residentes na capital, 1 residente em Mossor\u00f3 RN, 1 S\u00e3o Paulo e 1 Miami); S\u00e3o Domingos (01); Teixeira de Freitas (01);<\/strong> e 4 em investiga\u00e7\u00e3o epidemiol\u00f3gica.<\/p>\n<\/div>\n","protected":false},"excerpt":{"rendered":"<p>A Secretaria da Sa\u00fade do Estado da Bahia (Sesab) confirmou, na tarde desta sexta-feira (27), mais 15 novos casos de contamina\u00e7\u00e3o pelo novo coronav\u00edrus no estado. Com isso, o total de casos confirmados no estado totaliza 123. De acordo com a Sesab, todos os casos novos foram importados ou de transmiss\u00e3o local. A pasta ainda [&hellip;]<\/p>\n","protected":false},"author":2,"featured_media":85733,"comment_status":"open","ping_status":"open","sticky":false,"template":"","format":"standard","meta":{"footnotes":"","_links_to":"","_links_to_target":""},"categories":[1],"tags":[],"class_list":["post-85731","post","type-post","status-publish","format-standard","has-post-thumbnail","hentry","category-geral"],"views":741,"_links":{"self":[{"href":"https:\/\/www.sudoestehoje.com.br\/novoportal\/wp-json\/wp\/v2\/posts\/85731","targetHints":{"allow":["GET"]}}],"collection":[{"href":"https:\/\/www.sudoestehoje.com.br\/novoportal\/wp-json\/wp\/v2\/posts"}],"about":[{"href":"https:\/\/www.sudoestehoje.com.br\/novoportal\/wp-json\/wp\/v2\/types\/post"}],"author":[{"embeddable":true,"href":"https:\/\/www.sudoestehoje.com.br\/novoportal\/wp-json\/wp\/v2\/users\/2"}],"replies":[{"embeddable":true,"href":"https:\/\/www.sudoestehoje.com.br\/novoportal\/wp-json\/wp\/v2\/comments?post=85731"}],"version-history":[{"count":2,"href":"https:\/\/www.sudoestehoje.com.br\/novoportal\/wp-json\/wp\/v2\/posts\/85731\/revisions"}],"predecessor-version":[{"id":85734,"href":"https:\/\/www.sudoestehoje.com.br\/novoportal\/wp-json\/wp\/v2\/posts\/85731\/revisions\/85734"}],"wp:featuredmedia":[{"embeddable":true,"href":"https:\/\/www.sudoestehoje.com.br\/novoportal\/wp-json\/wp\/v2\/media\/85733"}],"wp:attachment":[{"href":"https:\/\/www.sudoestehoje.com.br\/novoportal\/wp-json\/wp\/v2\/media?parent=85731"}],"wp:term":[{"taxonomy":"category","embeddable":true,"href":"https:\/\/www.sudoestehoje.com.br\/novoportal\/wp-json\/wp\/v2\/categories?post=85731"},{"taxonomy":"post_tag","embeddable":true,"href":"https:\/\/www.sudoestehoje.com.br\/novoportal\/wp-json\/wp\/v2\/tags?post=85731"}],"curies":[{"name":"wp","href":"https:\/\/api.w.org\/{rel}","templated":true}]}}