
{"id":85723,"date":"2020-03-27T14:08:52","date_gmt":"2020-03-27T17:08:52","guid":{"rendered":"https:\/\/www.sudoestehoje.com.br\/novoportal\/?p=85723"},"modified":"2020-03-27T14:32:59","modified_gmt":"2020-03-27T17:32:59","slug":"maior-pandemia-do-mundo-gripe-espanhola-matou-30-pessoas-no-brasil-em-1919","status":"publish","type":"post","link":"https:\/\/www.sudoestehoje.com.br\/novoportal\/2020\/03\/27\/maior-pandemia-do-mundo-gripe-espanhola-matou-30-pessoas-no-brasil-em-1919\/","title":{"rendered":"MAIOR PANDEMIA DO MUNDO, GRIPE ESPANHOLA MATOU 30 MIL PESSOAS NO BRASIL EM 1919"},"content":{"rendered":"<p><a href=\"https:\/\/www.sudoestehoje.com.br\/novoportal\/wp-content\/uploads\/2020\/03\/GRIPE-ESPANHOLA.jpg\"><img loading=\"lazy\" decoding=\"async\" class=\"aligncenter size-medium wp-image-85726\" src=\"https:\/\/www.sudoestehoje.com.br\/novoportal\/wp-content\/uploads\/2020\/03\/GRIPE-ESPANHOLA-500x333.jpg\" alt=\"\" width=\"500\" height=\"333\" srcset=\"https:\/\/www.sudoestehoje.com.br\/novoportal\/wp-content\/uploads\/2020\/03\/GRIPE-ESPANHOLA-500x333.jpg 500w, https:\/\/www.sudoestehoje.com.br\/novoportal\/wp-content\/uploads\/2020\/03\/GRIPE-ESPANHOLA.jpg 660w\" sizes=\"auto, (max-width: 500px) 100vw, 500px\" \/><\/a><\/p>\n<p>Mal os soldados que lutaram na Primeira Guerra Mundial (1914-1918) baixaram as armas, governos de todo o mundo tiveram que enfrentar um inimigo ainda mais mortal: a gripe espanhola. T\u00e3o misteriosa quanto a Covid-19, doen\u00e7a causada pelo novo coronav\u00edrus &#8211; pandemia que hoje desafia as autoridades de sa\u00fade -, a gripe espanhola matou at\u00e9 40 milh\u00f5es de pessoas e cerca de 30 mil no Brasil.<\/p>\n<p>A origem \u00e9 desconhecida, mas o que se sabe \u00e9 que os primeiros registros foram nos Estados Unidos, ainda durante a guerra. O novo subtipo do v\u00edrus Influenza chegou \u00e0 Europa meses depois. Mas foi o governo da Espanha que notou que estava diante de uma doen\u00e7a grave, da\u00ed seu nome.<\/p>\n<p>A primeira onda de casos ocorreu de mar\u00e7o a maio de 1918. Foi apenas em agosto que a gripe espanhola come\u00e7ou a assustar. Mais virulenta, atingiu seu auge entre setembro e novembro, outono no Hemisf\u00e9rio Norte.<\/p>\n<p>Al\u00e9m da Europa e dos Estados Unidos, o v\u00edrus circulou na \u00cdndia, Sudeste Asi\u00e1tico, Jap\u00e3o, China, \u00c1frica, Am\u00e9ricas Central e do Sul. Estima-se hoje que a pandemia afetou, direta ou indiretamente cerca de 50% da popula\u00e7\u00e3o mundial, tendo matado de 20 a 40 milh\u00f5es de pessoas \u2013 mais do que a pr\u00f3pria Primeira Guerra (cerca de 15 milh\u00f5es de v\u00edtimas) \u2013, o que levou \u00e0 classifica\u00e7\u00e3o de maior pandemia de todos os tempos.<\/p>\n<p>Foi nessa segunda onda que a doen\u00e7a chegou ao Brasil. Militares da Marinha, que estiveram em miss\u00e3o na \u00c1frica durante a guerra, retornaram em setembro. Pelo menos 100 marinheiros morreram na \u00e9poca.<\/p>\n<p>No mesmo m\u00eas, navios que atracaram em estados da Regi\u00e3o Nordeste ajudaram a disseminar ainda mais a doen\u00e7a, que alcan\u00e7ou a Regi\u00e3o Norte, que registrou os primeiros casos em novembro. O v\u00edrus tamb\u00e9m chegou a S\u00e3o Paulo e \u00e0 capital brasileira na \u00e9poca, o Rio de Janeiro.<\/p>\n<p>O medo acabou criando um isolamento for\u00e7ado de toda a popula\u00e7\u00e3o, j\u00e1 que o governo demorou a enfrentar o avan\u00e7o da pandemia. Pelo menos 30 mil morreram em decorr\u00eancia de gripe espanhola no Brasil. S\u00f3 o Rio de Janeiro teve 12 mil \u00f3bitos em dois meses.<\/p>\n<p>Porto Alegre, na \u00e9poca com cerca de 140 mil habitantes, teve que construir um cemit\u00e9rio para enterrar seus 1.316 mortos. Em outubro, o governo federal finalmente reconheceu que teria dificuldades para diminuir o n\u00famero de casos.<\/p>\n<p>O presidente da Rep\u00fablica \u00e0 \u00e9poca, Venceslau Br\u00e1s, convocou o m\u00e9dico sanitarista Carlos Chagas para liderar a for\u00e7a-tarefa de combate \u00e0 gripe espanhola na capital federal. A doen\u00e7a atingiu todas as classes sociais, sem distin\u00e7\u00e3o tamb\u00e9m de idade.<\/p>\n<p>Uma das v\u00edtimas mais ilustres foi o presidente eleito Rodrigues Alves, que conquistou mais um mandato no fim de 1918. Morreu em 15 de janeiro de 1919, al\u00e7ando o vice-presidente eleito Delfim Moreira ao cargo m\u00e1ximo do Pa\u00eds.<\/p>\n<p>Essa pandemia acendeu um alerta para as autoridades de sa\u00fade. N\u00e3o havia na \u00e9poca sistemas p\u00fablicos de sa\u00fade nem campanhas de vacina\u00e7\u00e3o em massa contra a gripe, que vieram a ser implantadas nas d\u00e9cadas seguintes. As medidas hoje tomadas para combater a Covid-19 s\u00e3o um dos efeitos mais duradouros da gripe espanhola.<\/p>\n","protected":false},"excerpt":{"rendered":"<p>Mal os soldados que lutaram na Primeira Guerra Mundial (1914-1918) baixaram as armas, governos de todo o mundo tiveram que enfrentar um inimigo ainda mais mortal: a gripe espanhola. T\u00e3o misteriosa quanto a Covid-19, doen\u00e7a causada pelo novo coronav\u00edrus &#8211; pandemia que hoje desafia as autoridades de sa\u00fade -, a gripe espanhola matou at\u00e9 40 [&hellip;]<\/p>\n","protected":false},"author":2,"featured_media":85726,"comment_status":"open","ping_status":"open","sticky":false,"template":"","format":"standard","meta":{"footnotes":"","_links_to":"","_links_to_target":""},"categories":[1],"tags":[],"class_list":["post-85723","post","type-post","status-publish","format-standard","has-post-thumbnail","hentry","category-geral"],"views":1254,"_links":{"self":[{"href":"https:\/\/www.sudoestehoje.com.br\/novoportal\/wp-json\/wp\/v2\/posts\/85723","targetHints":{"allow":["GET"]}}],"collection":[{"href":"https:\/\/www.sudoestehoje.com.br\/novoportal\/wp-json\/wp\/v2\/posts"}],"about":[{"href":"https:\/\/www.sudoestehoje.com.br\/novoportal\/wp-json\/wp\/v2\/types\/post"}],"author":[{"embeddable":true,"href":"https:\/\/www.sudoestehoje.com.br\/novoportal\/wp-json\/wp\/v2\/users\/2"}],"replies":[{"embeddable":true,"href":"https:\/\/www.sudoestehoje.com.br\/novoportal\/wp-json\/wp\/v2\/comments?post=85723"}],"version-history":[{"count":4,"href":"https:\/\/www.sudoestehoje.com.br\/novoportal\/wp-json\/wp\/v2\/posts\/85723\/revisions"}],"predecessor-version":[{"id":85728,"href":"https:\/\/www.sudoestehoje.com.br\/novoportal\/wp-json\/wp\/v2\/posts\/85723\/revisions\/85728"}],"wp:featuredmedia":[{"embeddable":true,"href":"https:\/\/www.sudoestehoje.com.br\/novoportal\/wp-json\/wp\/v2\/media\/85726"}],"wp:attachment":[{"href":"https:\/\/www.sudoestehoje.com.br\/novoportal\/wp-json\/wp\/v2\/media?parent=85723"}],"wp:term":[{"taxonomy":"category","embeddable":true,"href":"https:\/\/www.sudoestehoje.com.br\/novoportal\/wp-json\/wp\/v2\/categories?post=85723"},{"taxonomy":"post_tag","embeddable":true,"href":"https:\/\/www.sudoestehoje.com.br\/novoportal\/wp-json\/wp\/v2\/tags?post=85723"}],"curies":[{"name":"wp","href":"https:\/\/api.w.org\/{rel}","templated":true}]}}