
{"id":85718,"date":"2020-03-27T14:33:37","date_gmt":"2020-03-27T17:33:37","guid":{"rendered":"https:\/\/www.sudoestehoje.com.br\/novoportal\/?p=85718"},"modified":"2020-03-27T14:33:37","modified_gmt":"2020-03-27T17:33:37","slug":"prefeitos-se-revoltam-com-recomendacoes-de-rui-para-reabrir-comercio","status":"publish","type":"post","link":"https:\/\/www.sudoestehoje.com.br\/novoportal\/2020\/03\/27\/prefeitos-se-revoltam-com-recomendacoes-de-rui-para-reabrir-comercio\/","title":{"rendered":"PREFEITOS SE REVOLTAM COM RECOMENDA\u00c7\u00d5ES DE RUI PARA REABRIR COM\u00c9RCIO"},"content":{"rendered":"<p><a href=\"https:\/\/www.sudoestehoje.com.br\/novoportal\/wp-content\/uploads\/2020\/03\/RUI-ABRE.jpg\"><img loading=\"lazy\" decoding=\"async\" class=\"aligncenter size-medium wp-image-85720\" src=\"https:\/\/www.sudoestehoje.com.br\/novoportal\/wp-content\/uploads\/2020\/03\/RUI-ABRE-500x281.jpg\" alt=\"\" width=\"500\" height=\"281\" srcset=\"https:\/\/www.sudoestehoje.com.br\/novoportal\/wp-content\/uploads\/2020\/03\/RUI-ABRE-500x281.jpg 500w, https:\/\/www.sudoestehoje.com.br\/novoportal\/wp-content\/uploads\/2020\/03\/RUI-ABRE-768x431.jpg 768w, https:\/\/www.sudoestehoje.com.br\/novoportal\/wp-content\/uploads\/2020\/03\/RUI-ABRE-700x393.jpg 700w, https:\/\/www.sudoestehoje.com.br\/novoportal\/wp-content\/uploads\/2020\/03\/RUI-ABRE.jpg 890w\" sizes=\"auto, (max-width: 500px) 100vw, 500px\" \/><\/a><\/p>\n<p>fala do governador da Bahia, Rui Costa (PT), em uma transmiss\u00e3o do YouTube na manh\u00e3 desta quinta-feira (26) tem causado revolta em uma parte de prefeitos do interior. O petista recomendou aos alcaides que determinassem a reabertura do com\u00e9rcio, n\u00e3o fechassem rodovias de acesso ao per\u00edmetro urbano e s\u00f3 tomassem medidas gradativas quando exisitirem suspeitas de casos de coronav\u00edrus.<\/p>\n<p>Rui, corroborado pelo secret\u00e1rio da Sa\u00fade, F\u00e1bio Villas Boas, no tom da sugest\u00e3o, acredita ser desnecess\u00e1rio tomar esse tipo de atitude quando n\u00e3o h\u00e1 casos confirmados. Essa fala do governador, inclusive, teve repercuss\u00e3o nacional.<\/p>\n<p><em>\u201dNos munic\u00edpios que n\u00e3o tenham casos confirmados n\u00e3o vejo sentido em fechar feiras livres. O que a gente precisa \u00e9 tomar cuidado. \u00c9 aumentar os espa\u00e7os entre feirantes, mudar a feira, ou espalhar a feira por v\u00e1rios espa\u00e7os na cidade. Porque o agricultor precisa vender . A mesma coisa vale para o com\u00e9rcio\u201d<\/em>, sugeriu.<\/p>\n<p>O\u00a0<strong>BNews<\/strong>\u00a0conversou com alguns chefes dos Executivos de cidades interioranas e recebeu prints de conversas em grupos de Whatsapp os quais demonstram a desaprova\u00e7\u00e3o da recomenda\u00e7\u00e3o dada pelo petista. Alguns j\u00e1 suspenderam suas a\u00e7\u00f5es e outros insinuam jogar no colo do governador poss\u00edveis contamina\u00e7\u00f5es que possam ocorrer nos munic\u00edpios de agora em diante.<\/p>\n<p>A tradu\u00e7\u00e3o do sentimento para alguns \u00e9 a de trabalho jogado fora.\u00a0A declara\u00e7\u00e3o de Rui caiu como uma bomba e agora \u00e9 confrontada aos elogios recebidos nos \u00faltimos dias.<\/p>\n","protected":false},"excerpt":{"rendered":"<p>fala do governador da Bahia, Rui Costa (PT), em uma transmiss\u00e3o do YouTube na manh\u00e3 desta quinta-feira (26) tem causado revolta em uma parte de prefeitos do interior. O petista recomendou aos alcaides que determinassem a reabertura do com\u00e9rcio, n\u00e3o fechassem rodovias de acesso ao per\u00edmetro urbano e s\u00f3 tomassem medidas gradativas quando exisitirem suspeitas [&hellip;]<\/p>\n","protected":false},"author":2,"featured_media":85720,"comment_status":"open","ping_status":"open","sticky":false,"template":"","format":"standard","meta":{"footnotes":"","_links_to":"","_links_to_target":""},"categories":[1],"tags":[],"class_list":["post-85718","post","type-post","status-publish","format-standard","has-post-thumbnail","hentry","category-geral"],"views":786,"_links":{"self":[{"href":"https:\/\/www.sudoestehoje.com.br\/novoportal\/wp-json\/wp\/v2\/posts\/85718","targetHints":{"allow":["GET"]}}],"collection":[{"href":"https:\/\/www.sudoestehoje.com.br\/novoportal\/wp-json\/wp\/v2\/posts"}],"about":[{"href":"https:\/\/www.sudoestehoje.com.br\/novoportal\/wp-json\/wp\/v2\/types\/post"}],"author":[{"embeddable":true,"href":"https:\/\/www.sudoestehoje.com.br\/novoportal\/wp-json\/wp\/v2\/users\/2"}],"replies":[{"embeddable":true,"href":"https:\/\/www.sudoestehoje.com.br\/novoportal\/wp-json\/wp\/v2\/comments?post=85718"}],"version-history":[{"count":4,"href":"https:\/\/www.sudoestehoje.com.br\/novoportal\/wp-json\/wp\/v2\/posts\/85718\/revisions"}],"predecessor-version":[{"id":85729,"href":"https:\/\/www.sudoestehoje.com.br\/novoportal\/wp-json\/wp\/v2\/posts\/85718\/revisions\/85729"}],"wp:featuredmedia":[{"embeddable":true,"href":"https:\/\/www.sudoestehoje.com.br\/novoportal\/wp-json\/wp\/v2\/media\/85720"}],"wp:attachment":[{"href":"https:\/\/www.sudoestehoje.com.br\/novoportal\/wp-json\/wp\/v2\/media?parent=85718"}],"wp:term":[{"taxonomy":"category","embeddable":true,"href":"https:\/\/www.sudoestehoje.com.br\/novoportal\/wp-json\/wp\/v2\/categories?post=85718"},{"taxonomy":"post_tag","embeddable":true,"href":"https:\/\/www.sudoestehoje.com.br\/novoportal\/wp-json\/wp\/v2\/tags?post=85718"}],"curies":[{"name":"wp","href":"https:\/\/api.w.org\/{rel}","templated":true}]}}