
{"id":85709,"date":"2020-03-27T11:15:31","date_gmt":"2020-03-27T14:15:31","guid":{"rendered":"https:\/\/www.sudoestehoje.com.br\/novoportal\/?p=85709"},"modified":"2020-03-27T11:15:31","modified_gmt":"2020-03-27T14:15:31","slug":"rui-costa-nao-descarta-cancelar-sao-joao-em-toda-a-bahia-itapetinga-aguarda","status":"publish","type":"post","link":"https:\/\/www.sudoestehoje.com.br\/novoportal\/2020\/03\/27\/rui-costa-nao-descarta-cancelar-sao-joao-em-toda-a-bahia-itapetinga-aguarda\/","title":{"rendered":"RUI COSTA N\u00c3O DESCARTA CANCELAR S\u00c3O JO\u00c3O EM TODA A BAHIA; ITAPETINGA AGUARDA"},"content":{"rendered":"<p><a href=\"https:\/\/www.sudoestehoje.com.br\/novoportal\/wp-content\/uploads\/2020\/03\/JOAO-1.jpg\"><img loading=\"lazy\" decoding=\"async\" class=\"aligncenter size-medium wp-image-85712\" src=\"https:\/\/www.sudoestehoje.com.br\/novoportal\/wp-content\/uploads\/2020\/03\/JOAO-1-500x333.jpg\" alt=\"\" width=\"500\" height=\"333\" srcset=\"https:\/\/www.sudoestehoje.com.br\/novoportal\/wp-content\/uploads\/2020\/03\/JOAO-1-500x333.jpg 500w, https:\/\/www.sudoestehoje.com.br\/novoportal\/wp-content\/uploads\/2020\/03\/JOAO-1.jpg 768w, https:\/\/www.sudoestehoje.com.br\/novoportal\/wp-content\/uploads\/2020\/03\/JOAO-1-700x467.jpg 700w\" sizes=\"auto, (max-width: 500px) 100vw, 500px\" \/><\/a><\/p>\n<p>O governador da Bahia, Rui Costa (PT), n\u00e3o descartou a possibilidade de n\u00e3o haver festa de S\u00e3o Jo\u00e3o na Bahia este ano. Em entrevista \u00e0 TV Band, o petista falou sobre a possibilidade de suspender a festa por causa da pandemia de coronav\u00edrus. Na Bahia, 108 casos foram confirmados.<\/p>\n<p><em>\u201cN\u00e3o tomamos a decis\u00e3o ainda. Vamos esperar um pouco, at\u00e9 final de abril, para tomar uma decis\u00e3o. Mas a princ\u00edpio acho dif\u00edcil que a gente consiga reunir multid\u00f5es em todo o estado<\/em>\u201d, disse ele.<\/p>\n<p>CIDADES QUE J\u00c1 CANCELARAM<\/p>\n<p>At\u00e9 o momento,\u00a0<a href=\"https:\/\/varelanoticias.com.br\/sao-joao-e-cancelado-em-mais-duas-cidades-da-bahia\/\">sete cidades baianas j\u00e1 cancelaram os festejos juninos<\/a>.\u00a0 Concei\u00e7\u00e3o do Almeida, Vit\u00f3ria da Conquista, Bom Jesus da Lapa, Alagoinhas, Maca\u00fabas, S\u00e3o Domingos e Rio do Ant\u00f4nio.<\/p>\n<p>ITAPETINGA AGUARDA<\/p>\n<p>Em contato com o Sudoeste Hoje, o prefeito Rodrigo Hagge disse que no momento esta focado nas medidas emergenciais necess\u00e1rias para conter a propaga\u00e7\u00e3o do Coronav\u00edrus. <em>&#8220;Em algum momento, vamos ter que nos reunir com representantes de sociedade para valiar a quest\u00e3o do S\u00e3o Jo\u00e3o, pois \u00e9 uma festividade que precisa ser planejada com muita anteced\u00eancia. Mas se o governo decidir cancelar, teremos que acatar&#8221;<\/em>, afirmou o prefeito.<\/p>\n<p><strong>Reda\u00e7\u00e3o SH (Informa\u00e7\u00f5es Varela Not\u00edcias)<\/strong><\/p>\n","protected":false},"excerpt":{"rendered":"<p>O governador da Bahia, Rui Costa (PT), n\u00e3o descartou a possibilidade de n\u00e3o haver festa de S\u00e3o Jo\u00e3o na Bahia este ano. Em entrevista \u00e0 TV Band, o petista falou sobre a possibilidade de suspender a festa por causa da pandemia de coronav\u00edrus. Na Bahia, 108 casos foram confirmados. \u201cN\u00e3o tomamos a decis\u00e3o ainda. Vamos [&hellip;]<\/p>\n","protected":false},"author":2,"featured_media":85712,"comment_status":"open","ping_status":"open","sticky":false,"template":"","format":"standard","meta":{"footnotes":"","_links_to":"","_links_to_target":""},"categories":[1],"tags":[],"class_list":["post-85709","post","type-post","status-publish","format-standard","has-post-thumbnail","hentry","category-geral"],"views":1133,"_links":{"self":[{"href":"https:\/\/www.sudoestehoje.com.br\/novoportal\/wp-json\/wp\/v2\/posts\/85709","targetHints":{"allow":["GET"]}}],"collection":[{"href":"https:\/\/www.sudoestehoje.com.br\/novoportal\/wp-json\/wp\/v2\/posts"}],"about":[{"href":"https:\/\/www.sudoestehoje.com.br\/novoportal\/wp-json\/wp\/v2\/types\/post"}],"author":[{"embeddable":true,"href":"https:\/\/www.sudoestehoje.com.br\/novoportal\/wp-json\/wp\/v2\/users\/2"}],"replies":[{"embeddable":true,"href":"https:\/\/www.sudoestehoje.com.br\/novoportal\/wp-json\/wp\/v2\/comments?post=85709"}],"version-history":[{"count":4,"href":"https:\/\/www.sudoestehoje.com.br\/novoportal\/wp-json\/wp\/v2\/posts\/85709\/revisions"}],"predecessor-version":[{"id":85714,"href":"https:\/\/www.sudoestehoje.com.br\/novoportal\/wp-json\/wp\/v2\/posts\/85709\/revisions\/85714"}],"wp:featuredmedia":[{"embeddable":true,"href":"https:\/\/www.sudoestehoje.com.br\/novoportal\/wp-json\/wp\/v2\/media\/85712"}],"wp:attachment":[{"href":"https:\/\/www.sudoestehoje.com.br\/novoportal\/wp-json\/wp\/v2\/media?parent=85709"}],"wp:term":[{"taxonomy":"category","embeddable":true,"href":"https:\/\/www.sudoestehoje.com.br\/novoportal\/wp-json\/wp\/v2\/categories?post=85709"},{"taxonomy":"post_tag","embeddable":true,"href":"https:\/\/www.sudoestehoje.com.br\/novoportal\/wp-json\/wp\/v2\/tags?post=85709"}],"curies":[{"name":"wp","href":"https:\/\/api.w.org\/{rel}","templated":true}]}}