
{"id":85706,"date":"2020-03-25T23:50:03","date_gmt":"2020-03-26T02:50:03","guid":{"rendered":"https:\/\/www.sudoestehoje.com.br\/novoportal\/?p=85706"},"modified":"2020-03-25T23:50:03","modified_gmt":"2020-03-26T02:50:03","slug":"ford-suspende-producao-em-camacari","status":"publish","type":"post","link":"https:\/\/www.sudoestehoje.com.br\/novoportal\/2020\/03\/25\/ford-suspende-producao-em-camacari\/","title":{"rendered":"FORD SUSPENDE PRODU\u00c7\u00c3O EM CAMA\u00c7ARI"},"content":{"rendered":"<p><a href=\"https:\/\/www.sudoestehoje.com.br\/novoportal\/wp-content\/uploads\/2020\/03\/FORD-CAMA\u00c7ARI.jpg\"><img loading=\"lazy\" decoding=\"async\" class=\"aligncenter size-medium wp-image-85707\" src=\"https:\/\/www.sudoestehoje.com.br\/novoportal\/wp-content\/uploads\/2020\/03\/FORD-CAMA\u00c7ARI-500x334.jpg\" alt=\"\" width=\"500\" height=\"334\" srcset=\"https:\/\/www.sudoestehoje.com.br\/novoportal\/wp-content\/uploads\/2020\/03\/FORD-CAMA\u00c7ARI-500x334.jpg 500w, https:\/\/www.sudoestehoje.com.br\/novoportal\/wp-content\/uploads\/2020\/03\/FORD-CAMA\u00c7ARI-768x512.jpg 768w, https:\/\/www.sudoestehoje.com.br\/novoportal\/wp-content\/uploads\/2020\/03\/FORD-CAMA\u00c7ARI-700x467.jpg 700w, https:\/\/www.sudoestehoje.com.br\/novoportal\/wp-content\/uploads\/2020\/03\/FORD-CAMA\u00c7ARI.jpg 940w\" sizes=\"auto, (max-width: 500px) 100vw, 500px\" \/><\/a><\/p>\n<p>A Ford decidiu estender a suspens\u00e3o da produ\u00e7\u00e3o em suas f\u00e1bricas da Am\u00e9rica do Sul at\u00e9 o dia 30 de abril, inclusive a de Cama\u00e7ari, e deu f\u00e9rias coletivas aos funcion\u00e1rios \u2013 a exce\u00e7\u00e3o \u00e9 a f\u00e1brica da Troller Horizonte, no Cear\u00e1, que fica com suas atividades paralisadas at\u00e9 20 de abril.<\/p>\n<div class=\"mc-column content-text active-extra-styles \" data-block-type=\"unstyled\" data-block-weight=\"43\" data-block-id=\"4\">\n<p class=\"content-text__container \" data-track-category=\"Link no Texto\" data-track-links=\"\">De acordo com a montadora, cerca de sete mil funcion\u00e1rios s\u00e3o afetados pela medida, que visa diminuir o risco de contamina\u00e7\u00e3o pelo novo coronav\u00edrus. Autoridades em sa\u00fade alertam para a import\u00e2ncia de evitar aglomera\u00e7\u00f5es para minimizar o risco de dissemina\u00e7\u00e3o da Covid-19.<\/p>\n<\/div>\n<div class=\"mc-column content-text active-extra-styles \" data-block-type=\"unstyled\" data-block-weight=\"27\" data-block-id=\"5\">\n<p class=\"content-text__container \" data-track-category=\"Link no Texto\" data-track-links=\"\">At\u00e9 a noite desta quarta-feira, a Bahia registrou\u00a0<a href=\"https:\/\/g1.globo.com\/ba\/bahia\/noticia\/2020\/03\/25\/com-seis-novos-casos-numero-de-pacientes-infectados-pelo-coronavirus-chega-a-91-na-bahia.ghtml\">91 casos confirmados de Covid-19<\/a>. De acordo com a Secretaria de Sa\u00fade do Estado (Sesab),\u00a0<a href=\"https:\/\/g1.globo.com\/ba\/bahia\/noticia\/2020\/03\/25\/resort-onde-aconteceu-casamento-da-irma-de-gabriela-pugliese-sera-fechado-por-causa-do-coronavirus.ghtml\">14 pessoas foram curadas<\/a>.<\/p>\n<\/div>\n","protected":false},"excerpt":{"rendered":"<p>A Ford decidiu estender a suspens\u00e3o da produ\u00e7\u00e3o em suas f\u00e1bricas da Am\u00e9rica do Sul at\u00e9 o dia 30 de abril, inclusive a de Cama\u00e7ari, e deu f\u00e9rias coletivas aos funcion\u00e1rios \u2013 a exce\u00e7\u00e3o \u00e9 a f\u00e1brica da Troller Horizonte, no Cear\u00e1, que fica com suas atividades paralisadas at\u00e9 20 de abril. De acordo com [&hellip;]<\/p>\n","protected":false},"author":2,"featured_media":85707,"comment_status":"open","ping_status":"open","sticky":false,"template":"","format":"standard","meta":{"footnotes":"","_links_to":"","_links_to_target":""},"categories":[1],"tags":[],"class_list":["post-85706","post","type-post","status-publish","format-standard","has-post-thumbnail","hentry","category-geral"],"views":815,"_links":{"self":[{"href":"https:\/\/www.sudoestehoje.com.br\/novoportal\/wp-json\/wp\/v2\/posts\/85706","targetHints":{"allow":["GET"]}}],"collection":[{"href":"https:\/\/www.sudoestehoje.com.br\/novoportal\/wp-json\/wp\/v2\/posts"}],"about":[{"href":"https:\/\/www.sudoestehoje.com.br\/novoportal\/wp-json\/wp\/v2\/types\/post"}],"author":[{"embeddable":true,"href":"https:\/\/www.sudoestehoje.com.br\/novoportal\/wp-json\/wp\/v2\/users\/2"}],"replies":[{"embeddable":true,"href":"https:\/\/www.sudoestehoje.com.br\/novoportal\/wp-json\/wp\/v2\/comments?post=85706"}],"version-history":[{"count":1,"href":"https:\/\/www.sudoestehoje.com.br\/novoportal\/wp-json\/wp\/v2\/posts\/85706\/revisions"}],"predecessor-version":[{"id":85708,"href":"https:\/\/www.sudoestehoje.com.br\/novoportal\/wp-json\/wp\/v2\/posts\/85706\/revisions\/85708"}],"wp:featuredmedia":[{"embeddable":true,"href":"https:\/\/www.sudoestehoje.com.br\/novoportal\/wp-json\/wp\/v2\/media\/85707"}],"wp:attachment":[{"href":"https:\/\/www.sudoestehoje.com.br\/novoportal\/wp-json\/wp\/v2\/media?parent=85706"}],"wp:term":[{"taxonomy":"category","embeddable":true,"href":"https:\/\/www.sudoestehoje.com.br\/novoportal\/wp-json\/wp\/v2\/categories?post=85706"},{"taxonomy":"post_tag","embeddable":true,"href":"https:\/\/www.sudoestehoje.com.br\/novoportal\/wp-json\/wp\/v2\/tags?post=85706"}],"curies":[{"name":"wp","href":"https:\/\/api.w.org\/{rel}","templated":true}]}}