
{"id":85700,"date":"2020-03-25T23:39:02","date_gmt":"2020-03-26T02:39:02","guid":{"rendered":"https:\/\/www.sudoestehoje.com.br\/novoportal\/?p=85700"},"modified":"2020-03-25T23:39:02","modified_gmt":"2020-03-26T02:39:02","slug":"ilheus-tem-primeiro-caso-confirmado-de-coronavirus-bahia-chega-a-91","status":"publish","type":"post","link":"https:\/\/www.sudoestehoje.com.br\/novoportal\/2020\/03\/25\/ilheus-tem-primeiro-caso-confirmado-de-coronavirus-bahia-chega-a-91\/","title":{"rendered":"ILH\u00c9US TEM PRIMEIRO CASO CONFIRMADO DE CORONAV\u00cdRUS; BAHIA CHEGA A 91"},"content":{"rendered":"<p><a href=\"https:\/\/www.sudoestehoje.com.br\/novoportal\/wp-content\/uploads\/2020\/03\/ILHEUS.jpg\"><img loading=\"lazy\" decoding=\"async\" class=\"aligncenter size-medium wp-image-85704\" src=\"https:\/\/www.sudoestehoje.com.br\/novoportal\/wp-content\/uploads\/2020\/03\/ILHEUS-500x316.jpg\" alt=\"\" width=\"500\" height=\"316\" srcset=\"https:\/\/www.sudoestehoje.com.br\/novoportal\/wp-content\/uploads\/2020\/03\/ILHEUS-500x316.jpg 500w, https:\/\/www.sudoestehoje.com.br\/novoportal\/wp-content\/uploads\/2020\/03\/ILHEUS-768x485.jpg 768w, https:\/\/www.sudoestehoje.com.br\/novoportal\/wp-content\/uploads\/2020\/03\/ILHEUS-700x442.jpg 700w, https:\/\/www.sudoestehoje.com.br\/novoportal\/wp-content\/uploads\/2020\/03\/ILHEUS.jpg 1080w\" sizes=\"auto, (max-width: 500px) 100vw, 500px\" \/><\/a><\/p>\n<p>A Secretaria da Sa\u00fade do Estado da Bahia (Sesab) confirmou, no fim da tarde desta quarta-feira (25), mais sete casos de contamina\u00e7\u00e3o pelo novo coronav\u00edrus no estado. Com isso, o total de casos confirmados na Bahia sobe para 91.<\/p>\n<p>De acordo com a Sesab, todos os casos novos foram importados ou de transmiss\u00e3o local; cinco foram confirmados em Salvador, <strong>um na cidade de Ilh\u00e9us<\/strong> e um no munic\u00edpio de Canarana. A pasta ainda informou que 981 suspeitas foram descartadas e n\u00e3o h\u00e1 \u00f3bitos registrados. Outros 1.715 aguardam exames laboratoriais.<\/p>\n<p>Os munic\u00edpios com casos positivos s\u00e3o estes: <strong>Barreiras (1); Brumado (1); Cama\u00e7ari (1); Canarana (1); Concei\u00e7\u00e3o do Jacu\u00edpe (1); Conde (1); Feira de Santana (8); Ilh\u00e9us (1); Itabuna (1); Jequi\u00e9 (1); Juazeiro (2); Lauro de Freitas (3); Porto Seguro (8); Prado (2); S\u00e3o Domingos (1); Teixeira de Freitas (1); e Salvador (57 casos, sendo tr\u00eas deles de residentes em localidades fora da Bahia, por\u00e9m com notifica\u00e7\u00e3o na capital baiana).<\/strong> Estes n\u00fameros representam notifica\u00e7\u00f5es oficiais compiladas pelo Centro de Informa\u00e7\u00f5es Estrat\u00e9gicas em Vigil\u00e2ncia em Sa\u00fade da Bahia (Cievs-BA) em conjunto com os Cievs municipais.<\/p>\n","protected":false},"excerpt":{"rendered":"<p>A Secretaria da Sa\u00fade do Estado da Bahia (Sesab) confirmou, no fim da tarde desta quarta-feira (25), mais sete casos de contamina\u00e7\u00e3o pelo novo coronav\u00edrus no estado. Com isso, o total de casos confirmados na Bahia sobe para 91. De acordo com a Sesab, todos os casos novos foram importados ou de transmiss\u00e3o local; cinco [&hellip;]<\/p>\n","protected":false},"author":2,"featured_media":85704,"comment_status":"open","ping_status":"open","sticky":false,"template":"","format":"standard","meta":{"footnotes":"","_links_to":"","_links_to_target":""},"categories":[1],"tags":[],"class_list":["post-85700","post","type-post","status-publish","format-standard","has-post-thumbnail","hentry","category-geral"],"views":1019,"_links":{"self":[{"href":"https:\/\/www.sudoestehoje.com.br\/novoportal\/wp-json\/wp\/v2\/posts\/85700","targetHints":{"allow":["GET"]}}],"collection":[{"href":"https:\/\/www.sudoestehoje.com.br\/novoportal\/wp-json\/wp\/v2\/posts"}],"about":[{"href":"https:\/\/www.sudoestehoje.com.br\/novoportal\/wp-json\/wp\/v2\/types\/post"}],"author":[{"embeddable":true,"href":"https:\/\/www.sudoestehoje.com.br\/novoportal\/wp-json\/wp\/v2\/users\/2"}],"replies":[{"embeddable":true,"href":"https:\/\/www.sudoestehoje.com.br\/novoportal\/wp-json\/wp\/v2\/comments?post=85700"}],"version-history":[{"count":3,"href":"https:\/\/www.sudoestehoje.com.br\/novoportal\/wp-json\/wp\/v2\/posts\/85700\/revisions"}],"predecessor-version":[{"id":85705,"href":"https:\/\/www.sudoestehoje.com.br\/novoportal\/wp-json\/wp\/v2\/posts\/85700\/revisions\/85705"}],"wp:featuredmedia":[{"embeddable":true,"href":"https:\/\/www.sudoestehoje.com.br\/novoportal\/wp-json\/wp\/v2\/media\/85704"}],"wp:attachment":[{"href":"https:\/\/www.sudoestehoje.com.br\/novoportal\/wp-json\/wp\/v2\/media?parent=85700"}],"wp:term":[{"taxonomy":"category","embeddable":true,"href":"https:\/\/www.sudoestehoje.com.br\/novoportal\/wp-json\/wp\/v2\/categories?post=85700"},{"taxonomy":"post_tag","embeddable":true,"href":"https:\/\/www.sudoestehoje.com.br\/novoportal\/wp-json\/wp\/v2\/tags?post=85700"}],"curies":[{"name":"wp","href":"https:\/\/api.w.org\/{rel}","templated":true}]}}