
{"id":85697,"date":"2020-03-24T12:37:32","date_gmt":"2020-03-24T15:37:32","guid":{"rendered":"https:\/\/www.sudoestehoje.com.br\/novoportal\/?p=85697"},"modified":"2020-03-24T21:39:35","modified_gmt":"2020-03-25T00:39:35","slug":"jogos-olimpicos-sao-adiados-para-2021","status":"publish","type":"post","link":"https:\/\/www.sudoestehoje.com.br\/novoportal\/2020\/03\/24\/jogos-olimpicos-sao-adiados-para-2021\/","title":{"rendered":"JOGOS OL\u00cdMPICOS S\u00c3O ADIADOS PARA 2021"},"content":{"rendered":"<div class=\"col-lg-12 mb-3\">\n<div class=\"row\">\n<h4><a href=\"https:\/\/www.sudoestehoje.com.br\/novoportal\/wp-content\/uploads\/2020\/03\/toquio_2020_coronavirus_covid-19.jpg\"><img loading=\"lazy\" decoding=\"async\" class=\"aligncenter size-medium wp-image-85698\" src=\"https:\/\/www.sudoestehoje.com.br\/novoportal\/wp-content\/uploads\/2020\/03\/toquio_2020_coronavirus_covid-19-500x299.jpg\" alt=\"\" width=\"500\" height=\"299\" srcset=\"https:\/\/www.sudoestehoje.com.br\/novoportal\/wp-content\/uploads\/2020\/03\/toquio_2020_coronavirus_covid-19-500x299.jpg 500w, https:\/\/www.sudoestehoje.com.br\/novoportal\/wp-content\/uploads\/2020\/03\/toquio_2020_coronavirus_covid-19-768x459.jpg 768w, https:\/\/www.sudoestehoje.com.br\/novoportal\/wp-content\/uploads\/2020\/03\/toquio_2020_coronavirus_covid-19-700x419.jpg 700w, https:\/\/www.sudoestehoje.com.br\/novoportal\/wp-content\/uploads\/2020\/03\/toquio_2020_coronavirus_covid-19.jpg 1170w\" sizes=\"auto, (max-width: 500px) 100vw, 500px\" \/><\/a><\/h4>\n<h4 class=\"col-10 offset-1 animated fadeInDown dealy-1100 alt-font font-italic my-2 small text-info text-center\">Ag\u00eancia Brasil<\/h4>\n<\/div>\n<\/div>\n<div class=\"col-xl-7 offset-xl-1 col-lg-8 offset-lg-0 col-md-10 offset-md-1 mb-3\">\n<div class=\"post-item alt-font\">\n<div class=\"post-item-wrap\">\n<p>O Comit\u00ea Ol\u00edmpico Internacional (COI) anunciou, nesta ter\u00e7a-feira (24), o adiamento dos Jogos Ol\u00edmpicos e Paral\u00edmpicos de T\u00f3quio 2020 para 2021. O entendimento sobre a impossibilidade do in\u00edcio das competi\u00e7\u00f5es no dia 24 de\u00a0julho, por conta da pandemia do novo coronav\u00edrus, aconteceu ap\u00f3s conversa por teleconfer\u00eancia entre o primeiro-ministro japon\u00eas, Shinzo Abe, e o presidente do COI, Thomas Bach.<\/p>\n<p>\u201cNas atuais circunst\u00e2ncias,\u00a0e com base nas informa\u00e7\u00f5es fornecidas hoje pela OMS, o presidente do COI e o primeiro-ministro do Jap\u00e3o conclu\u00edram que os Jogos da XXXII Olimp\u00edada de T\u00f3quio devem ser remarcados para uma data posterior a 2020, mas o mais tardar no ver\u00e3o de 2021, para proteger a sa\u00fade dos atletas, todos os envolvidos nos Jogos Ol\u00edmpicos e da comunidade internacional\u201d, informa nota publicada no\u00a0<em>site<\/em>\u00a0da institui\u00e7\u00e3o,<\/p>\n<h2>Tocha ol\u00edmpica<\/h2>\n<p>A publica\u00e7\u00e3o ainda confirma que a chama ol\u00edmpica vai permanecer no pa\u00eds. A tocha chegou ao Jap\u00e3o na \u00faltima sexta-feira (20), ap\u00f3s cerim\u00f4nia de acendimento, no Est\u00e1dio Panatenaico, em Atenas, na Gr\u00e9cia.<\/p>\n<p>A medida foi tomada ap\u00f3s press\u00e3o de atletas e comit\u00eas nacionais pelo mundo todo criticarem a manuten\u00e7\u00e3o do calend\u00e1rio em meio a pandemia do novo coronav\u00edrus. Canad\u00e1, por exemplo, havia decidido que n\u00e3o mandaria competidores, caso os Jogos ocorressem na data prevista. O Comit\u00ea Ol\u00edmpico Brasileiro tamb\u00e9m engrossou o coro para a mudan\u00e7a do cronograma.<\/p>\n<h2>Guerra mundial<\/h2>\n<p>Em 1940, as Olimp\u00edadas, que tamb\u00e9m ocorreriam\u00a0em T\u00f3quio, no Jap\u00e3o, foram canceladas. Mas h\u00e1 80 anos o motivo foi diferente:\u00a0a 2\u00aa Guerra Mundial. Este\u00a0havia sido o segundo cancelamento das Olimp\u00edadas. Os Jogos tamb\u00e9m foram cancelados em Berlim (1916) e em Londres (1944).<\/p>\n<\/div>\n<\/div>\n<\/div>\n","protected":false},"excerpt":{"rendered":"<p>Ag\u00eancia Brasil O Comit\u00ea Ol\u00edmpico Internacional (COI) anunciou, nesta ter\u00e7a-feira (24), o adiamento dos Jogos Ol\u00edmpicos e Paral\u00edmpicos de T\u00f3quio 2020 para 2021. O entendimento sobre a impossibilidade do in\u00edcio das competi\u00e7\u00f5es no dia 24 de\u00a0julho, por conta da pandemia do novo coronav\u00edrus, aconteceu ap\u00f3s conversa por teleconfer\u00eancia entre o primeiro-ministro japon\u00eas, Shinzo Abe, e [&hellip;]<\/p>\n","protected":false},"author":2,"featured_media":85698,"comment_status":"open","ping_status":"open","sticky":false,"template":"","format":"standard","meta":{"footnotes":"","_links_to":"","_links_to_target":""},"categories":[1],"tags":[],"class_list":["post-85697","post","type-post","status-publish","format-standard","has-post-thumbnail","hentry","category-geral"],"views":812,"_links":{"self":[{"href":"https:\/\/www.sudoestehoje.com.br\/novoportal\/wp-json\/wp\/v2\/posts\/85697","targetHints":{"allow":["GET"]}}],"collection":[{"href":"https:\/\/www.sudoestehoje.com.br\/novoportal\/wp-json\/wp\/v2\/posts"}],"about":[{"href":"https:\/\/www.sudoestehoje.com.br\/novoportal\/wp-json\/wp\/v2\/types\/post"}],"author":[{"embeddable":true,"href":"https:\/\/www.sudoestehoje.com.br\/novoportal\/wp-json\/wp\/v2\/users\/2"}],"replies":[{"embeddable":true,"href":"https:\/\/www.sudoestehoje.com.br\/novoportal\/wp-json\/wp\/v2\/comments?post=85697"}],"version-history":[{"count":1,"href":"https:\/\/www.sudoestehoje.com.br\/novoportal\/wp-json\/wp\/v2\/posts\/85697\/revisions"}],"predecessor-version":[{"id":85699,"href":"https:\/\/www.sudoestehoje.com.br\/novoportal\/wp-json\/wp\/v2\/posts\/85697\/revisions\/85699"}],"wp:featuredmedia":[{"embeddable":true,"href":"https:\/\/www.sudoestehoje.com.br\/novoportal\/wp-json\/wp\/v2\/media\/85698"}],"wp:attachment":[{"href":"https:\/\/www.sudoestehoje.com.br\/novoportal\/wp-json\/wp\/v2\/media?parent=85697"}],"wp:term":[{"taxonomy":"category","embeddable":true,"href":"https:\/\/www.sudoestehoje.com.br\/novoportal\/wp-json\/wp\/v2\/categories?post=85697"},{"taxonomy":"post_tag","embeddable":true,"href":"https:\/\/www.sudoestehoje.com.br\/novoportal\/wp-json\/wp\/v2\/tags?post=85697"}],"curies":[{"name":"wp","href":"https:\/\/api.w.org\/{rel}","templated":true}]}}