
{"id":85693,"date":"2020-03-25T08:09:47","date_gmt":"2020-03-25T11:09:47","guid":{"rendered":"https:\/\/www.sudoestehoje.com.br\/novoportal\/?p=85693"},"modified":"2020-03-24T20:15:58","modified_gmt":"2020-03-24T23:15:58","slug":"bahia-medica-de-nova-soure-atesta-positivo-para-coronavirus","status":"publish","type":"post","link":"https:\/\/www.sudoestehoje.com.br\/novoportal\/2020\/03\/25\/bahia-medica-de-nova-soure-atesta-positivo-para-coronavirus\/","title":{"rendered":"BAHIA: M\u00c9DICA DE NOVA SOURE ATESTA POSITIVO PARA CORONAV\u00cdRUS"},"content":{"rendered":"<p><a href=\"https:\/\/www.sudoestehoje.com.br\/novoportal\/wp-content\/uploads\/2020\/03\/coronavirus-foto-480x320-1-1.jpg\"><img loading=\"lazy\" decoding=\"async\" class=\"aligncenter size-medium wp-image-85695\" src=\"https:\/\/www.sudoestehoje.com.br\/novoportal\/wp-content\/uploads\/2020\/03\/coronavirus-foto-480x320-1-1-500x291.jpg\" alt=\"\" width=\"500\" height=\"291\" srcset=\"https:\/\/www.sudoestehoje.com.br\/novoportal\/wp-content\/uploads\/2020\/03\/coronavirus-foto-480x320-1-1-500x291.jpg 500w, https:\/\/www.sudoestehoje.com.br\/novoportal\/wp-content\/uploads\/2020\/03\/coronavirus-foto-480x320-1-1.jpg 550w\" sizes=\"auto, (max-width: 500px) 100vw, 500px\" \/><\/a><\/p>\n<p>O prefeito da cidade de Nova Soure, Cassinho, divulgou atrav\u00e9s de um v\u00eddeo em sua conta oficial do Instagram que o munic\u00edpio confirmou o primeiro caso do novo coronav\u00edrus nesta ter\u00e7a-feira (24).<\/p>\n<p>Segundo informa\u00e7\u00f5es obtidas pela reportagem do\u00a0<strong>Varela Not\u00edcias<\/strong>, a pessoa contaminada \u00e9 uma m\u00e9dica que atendeu durante tr\u00eas dias na cidade.<\/p>\n<p>A prefeitura j\u00e1 est\u00e1 atr\u00e1s dos pacientes atendidos por ela. A profissional de sa\u00fade j\u00e1 est\u00e1 em isolamento domiciliar.<\/p>\n","protected":false},"excerpt":{"rendered":"<p>O prefeito da cidade de Nova Soure, Cassinho, divulgou atrav\u00e9s de um v\u00eddeo em sua conta oficial do Instagram que o munic\u00edpio confirmou o primeiro caso do novo coronav\u00edrus nesta ter\u00e7a-feira (24). Segundo informa\u00e7\u00f5es obtidas pela reportagem do\u00a0Varela Not\u00edcias, a pessoa contaminada \u00e9 uma m\u00e9dica que atendeu durante tr\u00eas dias na cidade. A prefeitura j\u00e1 [&hellip;]<\/p>\n","protected":false},"author":2,"featured_media":85695,"comment_status":"open","ping_status":"open","sticky":false,"template":"","format":"standard","meta":{"footnotes":"","_links_to":"","_links_to_target":""},"categories":[1],"tags":[],"class_list":["post-85693","post","type-post","status-publish","format-standard","has-post-thumbnail","hentry","category-geral"],"views":781,"_links":{"self":[{"href":"https:\/\/www.sudoestehoje.com.br\/novoportal\/wp-json\/wp\/v2\/posts\/85693","targetHints":{"allow":["GET"]}}],"collection":[{"href":"https:\/\/www.sudoestehoje.com.br\/novoportal\/wp-json\/wp\/v2\/posts"}],"about":[{"href":"https:\/\/www.sudoestehoje.com.br\/novoportal\/wp-json\/wp\/v2\/types\/post"}],"author":[{"embeddable":true,"href":"https:\/\/www.sudoestehoje.com.br\/novoportal\/wp-json\/wp\/v2\/users\/2"}],"replies":[{"embeddable":true,"href":"https:\/\/www.sudoestehoje.com.br\/novoportal\/wp-json\/wp\/v2\/comments?post=85693"}],"version-history":[{"count":2,"href":"https:\/\/www.sudoestehoje.com.br\/novoportal\/wp-json\/wp\/v2\/posts\/85693\/revisions"}],"predecessor-version":[{"id":85696,"href":"https:\/\/www.sudoestehoje.com.br\/novoportal\/wp-json\/wp\/v2\/posts\/85693\/revisions\/85696"}],"wp:featuredmedia":[{"embeddable":true,"href":"https:\/\/www.sudoestehoje.com.br\/novoportal\/wp-json\/wp\/v2\/media\/85695"}],"wp:attachment":[{"href":"https:\/\/www.sudoestehoje.com.br\/novoportal\/wp-json\/wp\/v2\/media?parent=85693"}],"wp:term":[{"taxonomy":"category","embeddable":true,"href":"https:\/\/www.sudoestehoje.com.br\/novoportal\/wp-json\/wp\/v2\/categories?post=85693"},{"taxonomy":"post_tag","embeddable":true,"href":"https:\/\/www.sudoestehoje.com.br\/novoportal\/wp-json\/wp\/v2\/tags?post=85693"}],"curies":[{"name":"wp","href":"https:\/\/api.w.org\/{rel}","templated":true}]}}