
{"id":85681,"date":"2020-03-24T14:29:56","date_gmt":"2020-03-24T17:29:56","guid":{"rendered":"https:\/\/www.sudoestehoje.com.br\/novoportal\/?p=85681"},"modified":"2020-03-24T14:32:58","modified_gmt":"2020-03-24T17:32:58","slug":"sobe-para-76-os-casos-de-coronavirus-na-bahia-itapetinga-e-regiao-estao-fora","status":"publish","type":"post","link":"https:\/\/www.sudoestehoje.com.br\/novoportal\/2020\/03\/24\/sobe-para-76-os-casos-de-coronavirus-na-bahia-itapetinga-e-regiao-estao-fora\/","title":{"rendered":"SOBE PARA 76 OS CASOS DE CORONAV\u00cdRUS NA BAHIA; ITAPETINGA E REGI\u00c3O EST\u00c3O FORA"},"content":{"rendered":"<p><a href=\"https:\/\/www.sudoestehoje.com.br\/novoportal\/wp-content\/uploads\/2020\/03\/GEL-NAS-M\u00c3OS.jpg\"><img loading=\"lazy\" decoding=\"async\" class=\"aligncenter size-medium wp-image-85683\" src=\"https:\/\/www.sudoestehoje.com.br\/novoportal\/wp-content\/uploads\/2020\/03\/GEL-NAS-M\u00c3OS-500x281.jpg\" alt=\"\" width=\"500\" height=\"281\" srcset=\"https:\/\/www.sudoestehoje.com.br\/novoportal\/wp-content\/uploads\/2020\/03\/GEL-NAS-M\u00c3OS-500x281.jpg 500w, https:\/\/www.sudoestehoje.com.br\/novoportal\/wp-content\/uploads\/2020\/03\/GEL-NAS-M\u00c3OS-768x432.jpg 768w, https:\/\/www.sudoestehoje.com.br\/novoportal\/wp-content\/uploads\/2020\/03\/GEL-NAS-M\u00c3OS-700x394.jpg 700w, https:\/\/www.sudoestehoje.com.br\/novoportal\/wp-content\/uploads\/2020\/03\/GEL-NAS-M\u00c3OS.jpg 1200w\" sizes=\"auto, (max-width: 500px) 100vw, 500px\" \/><\/a><\/p>\n<p>A Secretaria da Sa\u00fade do Estado da Bahia (Sesab) confirmou mais 13 casos de contamina\u00e7\u00e3o por coronav\u00edrus no estado, na manh\u00e3 desta ter\u00e7a-feira (24). Com isso, o total de casos confirmados no estado sobe para 76.<\/p>\n<p>De acordo com a Sesab, todos os casos novos foram importados ou de transmiss\u00e3o local. A pasta ainda informou que 725 casos foram descartados e n\u00e3o h\u00e1 \u00f3bitos registrados.<\/p>\n<p>CIDADES AFETADAS<\/p>\n<p>Os munic\u00edpios com casos positivos s\u00e3o: <strong>Alagoinhas (1); Barreiras (1); Brumado (1); Cama\u00e7ari (1); Concei\u00e7\u00e3o do Jacu\u00edpe (1); Conde (1 \u2013 paciente reside em Campinas, em S\u00e3o Paulo); Feira de Santana (6); Itabuna (1); Jequi\u00e9 (1); Juazeiro (2); Lauro de Freitas (3); Porto Seguro (8); Prado (2); Salvador (46, sendo tr\u00eas pacientes residentes em localidades fora da Bahia); e Teixeira de Freitas (1).<\/strong><\/p>\n<p>ITAPETINGA E REGI\u00c3O N\u00c3O T\u00caM NENHUM CASO CONFIRMADO<\/p>\n<p>Ainda n\u00e3o foi confirmado nenhum caso em Itapetinga e cidades do M\u00e9dio Sudoeste. Tamb\u00e9m n\u00e3o h\u00e1 casos confirmados em Vit\u00f3ria da Conquista.<\/p>\n","protected":false},"excerpt":{"rendered":"<p>A Secretaria da Sa\u00fade do Estado da Bahia (Sesab) confirmou mais 13 casos de contamina\u00e7\u00e3o por coronav\u00edrus no estado, na manh\u00e3 desta ter\u00e7a-feira (24). Com isso, o total de casos confirmados no estado sobe para 76. De acordo com a Sesab, todos os casos novos foram importados ou de transmiss\u00e3o local. A pasta ainda informou [&hellip;]<\/p>\n","protected":false},"author":2,"featured_media":85683,"comment_status":"open","ping_status":"open","sticky":false,"template":"","format":"standard","meta":{"footnotes":"","_links_to":"","_links_to_target":""},"categories":[1],"tags":[],"class_list":["post-85681","post","type-post","status-publish","format-standard","has-post-thumbnail","hentry","category-geral"],"views":837,"_links":{"self":[{"href":"https:\/\/www.sudoestehoje.com.br\/novoportal\/wp-json\/wp\/v2\/posts\/85681","targetHints":{"allow":["GET"]}}],"collection":[{"href":"https:\/\/www.sudoestehoje.com.br\/novoportal\/wp-json\/wp\/v2\/posts"}],"about":[{"href":"https:\/\/www.sudoestehoje.com.br\/novoportal\/wp-json\/wp\/v2\/types\/post"}],"author":[{"embeddable":true,"href":"https:\/\/www.sudoestehoje.com.br\/novoportal\/wp-json\/wp\/v2\/users\/2"}],"replies":[{"embeddable":true,"href":"https:\/\/www.sudoestehoje.com.br\/novoportal\/wp-json\/wp\/v2\/comments?post=85681"}],"version-history":[{"count":3,"href":"https:\/\/www.sudoestehoje.com.br\/novoportal\/wp-json\/wp\/v2\/posts\/85681\/revisions"}],"predecessor-version":[{"id":85686,"href":"https:\/\/www.sudoestehoje.com.br\/novoportal\/wp-json\/wp\/v2\/posts\/85681\/revisions\/85686"}],"wp:featuredmedia":[{"embeddable":true,"href":"https:\/\/www.sudoestehoje.com.br\/novoportal\/wp-json\/wp\/v2\/media\/85683"}],"wp:attachment":[{"href":"https:\/\/www.sudoestehoje.com.br\/novoportal\/wp-json\/wp\/v2\/media?parent=85681"}],"wp:term":[{"taxonomy":"category","embeddable":true,"href":"https:\/\/www.sudoestehoje.com.br\/novoportal\/wp-json\/wp\/v2\/categories?post=85681"},{"taxonomy":"post_tag","embeddable":true,"href":"https:\/\/www.sudoestehoje.com.br\/novoportal\/wp-json\/wp\/v2\/tags?post=85681"}],"curies":[{"name":"wp","href":"https:\/\/api.w.org\/{rel}","templated":true}]}}