
{"id":85667,"date":"2020-03-23T12:52:25","date_gmt":"2020-03-23T15:52:25","guid":{"rendered":"https:\/\/www.sudoestehoje.com.br\/novoportal\/?p=85667"},"modified":"2020-03-23T12:52:25","modified_gmt":"2020-03-23T15:52:25","slug":"camara-de-itapetinga-suspende-sessoes-e-servicos-administrativos","status":"publish","type":"post","link":"https:\/\/www.sudoestehoje.com.br\/novoportal\/2020\/03\/23\/camara-de-itapetinga-suspende-sessoes-e-servicos-administrativos\/","title":{"rendered":"C\u00c2MARA DE ITAPETINGA SUSPENDE SESS\u00d5ES E SERVI\u00c7OS ADMINISTRATIVOS"},"content":{"rendered":"<p><a href=\"https:\/\/www.sudoestehoje.com.br\/novoportal\/wp-content\/uploads\/2020\/03\/CAMARA-ITA.jpeg\"><img loading=\"lazy\" decoding=\"async\" class=\"aligncenter  wp-image-85458\" src=\"https:\/\/www.sudoestehoje.com.br\/novoportal\/wp-content\/uploads\/2020\/03\/CAMARA-ITA.jpeg\" alt=\"\" width=\"501\" height=\"295\" \/><\/a><\/p>\n<p>C\u00e2mara Municipal de Itapetinga suspendeu, nesta segunda-feira (23), as sess\u00f5es ordin\u00e1rias e o seu funcionamento administrativo por tempo indeterminado. A nova medida de preven\u00e7\u00e3o ao coronav\u00edrus foi estabelecida por meio da Portaria N\u00ba 682\/20, assinada pela presidenta Naara Duarte.<\/p>\n<p>As sess\u00f5es ser\u00e3o convocadas imediatamente caso ocorra situa\u00e7\u00e3o emergencial do Munic\u00edpio. Os servidores e prestadores de servi\u00e7o do Poder Legislativo Municipal permanecer\u00e3o de sobreaviso, aguardando a qualquer momento o chamado para o servi\u00e7o.\u00a0A exce\u00e7\u00e3o \u00e9 para os vigilantes, que trabalham em escala de revezamento.<\/p>\n<p>As medidas adotadas pela C\u00e2mara Municipal est\u00e3o alinhadas com as recomenda\u00e7\u00f5es da Organiza\u00e7\u00e3o Mundial da Sa\u00fade, Minist\u00e9rio da Sa\u00fade, Secretaria da Sa\u00fade do Estado da Bahia e Prefeitura Municipal de Itapetinga.<\/p>\n","protected":false},"excerpt":{"rendered":"<p>C\u00e2mara Municipal de Itapetinga suspendeu, nesta segunda-feira (23), as sess\u00f5es ordin\u00e1rias e o seu funcionamento administrativo por tempo indeterminado. A nova medida de preven\u00e7\u00e3o ao coronav\u00edrus foi estabelecida por meio da Portaria N\u00ba 682\/20, assinada pela presidenta Naara Duarte. As sess\u00f5es ser\u00e3o convocadas imediatamente caso ocorra situa\u00e7\u00e3o emergencial do Munic\u00edpio. Os servidores e prestadores de [&hellip;]<\/p>\n","protected":false},"author":2,"featured_media":85458,"comment_status":"open","ping_status":"open","sticky":false,"template":"","format":"standard","meta":{"footnotes":"","_links_to":"","_links_to_target":""},"categories":[1],"tags":[],"class_list":["post-85667","post","type-post","status-publish","format-standard","has-post-thumbnail","hentry","category-geral"],"views":774,"_links":{"self":[{"href":"https:\/\/www.sudoestehoje.com.br\/novoportal\/wp-json\/wp\/v2\/posts\/85667","targetHints":{"allow":["GET"]}}],"collection":[{"href":"https:\/\/www.sudoestehoje.com.br\/novoportal\/wp-json\/wp\/v2\/posts"}],"about":[{"href":"https:\/\/www.sudoestehoje.com.br\/novoportal\/wp-json\/wp\/v2\/types\/post"}],"author":[{"embeddable":true,"href":"https:\/\/www.sudoestehoje.com.br\/novoportal\/wp-json\/wp\/v2\/users\/2"}],"replies":[{"embeddable":true,"href":"https:\/\/www.sudoestehoje.com.br\/novoportal\/wp-json\/wp\/v2\/comments?post=85667"}],"version-history":[{"count":1,"href":"https:\/\/www.sudoestehoje.com.br\/novoportal\/wp-json\/wp\/v2\/posts\/85667\/revisions"}],"predecessor-version":[{"id":85668,"href":"https:\/\/www.sudoestehoje.com.br\/novoportal\/wp-json\/wp\/v2\/posts\/85667\/revisions\/85668"}],"wp:featuredmedia":[{"embeddable":true,"href":"https:\/\/www.sudoestehoje.com.br\/novoportal\/wp-json\/wp\/v2\/media\/85458"}],"wp:attachment":[{"href":"https:\/\/www.sudoestehoje.com.br\/novoportal\/wp-json\/wp\/v2\/media?parent=85667"}],"wp:term":[{"taxonomy":"category","embeddable":true,"href":"https:\/\/www.sudoestehoje.com.br\/novoportal\/wp-json\/wp\/v2\/categories?post=85667"},{"taxonomy":"post_tag","embeddable":true,"href":"https:\/\/www.sudoestehoje.com.br\/novoportal\/wp-json\/wp\/v2\/tags?post=85667"}],"curies":[{"name":"wp","href":"https:\/\/api.w.org\/{rel}","templated":true}]}}