
{"id":85663,"date":"2020-03-23T02:29:40","date_gmt":"2020-03-23T05:29:40","guid":{"rendered":"https:\/\/www.sudoestehoje.com.br\/novoportal\/?p=85663"},"modified":"2020-03-23T02:29:40","modified_gmt":"2020-03-23T05:29:40","slug":"covid-19-primeiro-caso-de-coronavirus-e-confirmado-em-jequie","status":"publish","type":"post","link":"https:\/\/www.sudoestehoje.com.br\/novoportal\/2020\/03\/23\/covid-19-primeiro-caso-de-coronavirus-e-confirmado-em-jequie\/","title":{"rendered":"COVID-19: PRIMEIRO CASO DE CORONAV\u00cdRUS \u00c9 CONFIRMADO EM JEQUI\u00c9"},"content":{"rendered":"<p><a href=\"https:\/\/www.sudoestehoje.com.br\/novoportal\/wp-content\/uploads\/2020\/03\/JEQUI\u00c9.jpg\"><img loading=\"lazy\" decoding=\"async\" class=\"aligncenter size-medium wp-image-85665\" src=\"https:\/\/www.sudoestehoje.com.br\/novoportal\/wp-content\/uploads\/2020\/03\/JEQUI\u00c9-500x335.jpg\" alt=\"\" width=\"500\" height=\"335\" srcset=\"https:\/\/www.sudoestehoje.com.br\/novoportal\/wp-content\/uploads\/2020\/03\/JEQUI\u00c9-500x335.jpg 500w, https:\/\/www.sudoestehoje.com.br\/novoportal\/wp-content\/uploads\/2020\/03\/JEQUI\u00c9-768x515.jpg 768w, https:\/\/www.sudoestehoje.com.br\/novoportal\/wp-content\/uploads\/2020\/03\/JEQUI\u00c9-700x470.jpg 700w, https:\/\/www.sudoestehoje.com.br\/novoportal\/wp-content\/uploads\/2020\/03\/JEQUI\u00c9.jpg 1200w\" sizes=\"auto, (max-width: 500px) 100vw, 500px\" \/><\/a><\/p>\n<p>A Prefeitura de Jequi\u00e9, atrav\u00e9s da Secretaria de Sa\u00fade, juntamente com os demais \u00f3rg\u00e3os de sa\u00fade, atualizou \u00e0s 21h37, deste domingo (22), Boletim Epidemiol\u00f3gico do Coronav\u00edrus (Covid-19), informando que, dos 12 casos notificados, tr\u00eas foram descartados e, ap\u00f3s an\u00e1lises do material coletado pelo Laborat\u00f3rio Central (Lacen), em Salvador,\u00a0 \u201cum caso foi confirmado positivo para coronav\u00edrus e o paciente j\u00e1 se encontra em isolamento domiciliar\u201d. De acordo com informa\u00e7\u00f5es, o paciente seria residente no bairro Mandacaru.<\/p>\n<p>A Secretaria Municipal de Sa\u00fade diz que continua monitorando as a\u00e7\u00f5es de combate ao coronav\u00edrus, na cidade, enquanto aguarda o resultado dos demais casos notificados ao tempo em que solicita que todas as pessoas fiquem em suas casas, para que, assim, evitem a dissemina\u00e7\u00e3o do coronav\u00edrus.<\/p>\n<p>\u2013 Ajudem os profissionais que est\u00e3o trabalhando, cuidando da nossa sa\u00fade e da seguran\u00e7a de todos os jequieenses, respeitando as orienta\u00e7\u00f5es do Minist\u00e9rio da Sa\u00fade, evitando aglomera\u00e7\u00f5es, mantendo os cuidados de higieniza\u00e7\u00e3o, evitando tocar os olhos, nariz e boca. Acompanhem as a\u00e7\u00f5es de sa\u00fade, no munic\u00edpio, atrav\u00e9s dos canais oficiais da Prefeitura de Jequi\u00e9: Facebook, Instagram e site\u201d, #PrefeituradeJequi\u00e9<\/p>\n","protected":false},"excerpt":{"rendered":"<p>A Prefeitura de Jequi\u00e9, atrav\u00e9s da Secretaria de Sa\u00fade, juntamente com os demais \u00f3rg\u00e3os de sa\u00fade, atualizou \u00e0s 21h37, deste domingo (22), Boletim Epidemiol\u00f3gico do Coronav\u00edrus (Covid-19), informando que, dos 12 casos notificados, tr\u00eas foram descartados e, ap\u00f3s an\u00e1lises do material coletado pelo Laborat\u00f3rio Central (Lacen), em Salvador,\u00a0 \u201cum caso foi confirmado positivo para coronav\u00edrus [&hellip;]<\/p>\n","protected":false},"author":2,"featured_media":85665,"comment_status":"open","ping_status":"open","sticky":false,"template":"","format":"standard","meta":{"footnotes":"","_links_to":"","_links_to_target":""},"categories":[1],"tags":[],"class_list":["post-85663","post","type-post","status-publish","format-standard","has-post-thumbnail","hentry","category-geral"],"views":723,"_links":{"self":[{"href":"https:\/\/www.sudoestehoje.com.br\/novoportal\/wp-json\/wp\/v2\/posts\/85663","targetHints":{"allow":["GET"]}}],"collection":[{"href":"https:\/\/www.sudoestehoje.com.br\/novoportal\/wp-json\/wp\/v2\/posts"}],"about":[{"href":"https:\/\/www.sudoestehoje.com.br\/novoportal\/wp-json\/wp\/v2\/types\/post"}],"author":[{"embeddable":true,"href":"https:\/\/www.sudoestehoje.com.br\/novoportal\/wp-json\/wp\/v2\/users\/2"}],"replies":[{"embeddable":true,"href":"https:\/\/www.sudoestehoje.com.br\/novoportal\/wp-json\/wp\/v2\/comments?post=85663"}],"version-history":[{"count":2,"href":"https:\/\/www.sudoestehoje.com.br\/novoportal\/wp-json\/wp\/v2\/posts\/85663\/revisions"}],"predecessor-version":[{"id":85666,"href":"https:\/\/www.sudoestehoje.com.br\/novoportal\/wp-json\/wp\/v2\/posts\/85663\/revisions\/85666"}],"wp:featuredmedia":[{"embeddable":true,"href":"https:\/\/www.sudoestehoje.com.br\/novoportal\/wp-json\/wp\/v2\/media\/85665"}],"wp:attachment":[{"href":"https:\/\/www.sudoestehoje.com.br\/novoportal\/wp-json\/wp\/v2\/media?parent=85663"}],"wp:term":[{"taxonomy":"category","embeddable":true,"href":"https:\/\/www.sudoestehoje.com.br\/novoportal\/wp-json\/wp\/v2\/categories?post=85663"},{"taxonomy":"post_tag","embeddable":true,"href":"https:\/\/www.sudoestehoje.com.br\/novoportal\/wp-json\/wp\/v2\/tags?post=85663"}],"curies":[{"name":"wp","href":"https:\/\/api.w.org\/{rel}","templated":true}]}}