
{"id":85657,"date":"2020-03-23T02:09:11","date_gmt":"2020-03-23T05:09:11","guid":{"rendered":"https:\/\/www.sudoestehoje.com.br\/novoportal\/?p=85657"},"modified":"2020-03-23T02:09:11","modified_gmt":"2020-03-23T05:09:11","slug":"brumado-tem-primeiro-caso-confirmado-de-coronavirus","status":"publish","type":"post","link":"https:\/\/www.sudoestehoje.com.br\/novoportal\/2020\/03\/23\/brumado-tem-primeiro-caso-confirmado-de-coronavirus\/","title":{"rendered":"BRUMADO TEM PRIMEIRO CASO CONFIRMADO DE CORONAV\u00cdRUS"},"content":{"rendered":"<p><a href=\"https:\/\/www.sudoestehoje.com.br\/novoportal\/wp-content\/uploads\/2020\/03\/Brumado-Custos-Mais-Altos-Bahia-em-Brumado-Noticias-58-1.jpg\"><img loading=\"lazy\" decoding=\"async\" class=\"aligncenter size-full wp-image-85661\" src=\"https:\/\/www.sudoestehoje.com.br\/novoportal\/wp-content\/uploads\/2020\/03\/Brumado-Custos-Mais-Altos-Bahia-em-Brumado-Noticias-58-1.jpg\" alt=\"\" width=\"475\" height=\"356\" \/><\/a><\/p>\n<p>A Secretaria Municipal de Sa\u00fade de Brumado, no sudoeste da Bahia, confirmou, neste domingo (22), o primeiro caso do novo coronav\u00edrus (Covid-19).<\/p>\n<p>A paciente \u00e9, possui entre 30 e 40 anos. Ela esteve recentemente em Belo Horizonte. Agora, um caso confirmado, sete suspeitos, dois descartados e dois aguardando resultado.<\/p>\n<p>Um caso de coronav\u00edrus tamb\u00e9m foi registrado em Jequi\u00e9, conforme informa\u00e7\u00e3o da Secretaria de Sa\u00fade. Dos doze casos registrados at\u00e9 agora, tr\u00eas foram descartados, oito aguardam confirma\u00e7\u00e3o e um confirmado.<\/p>\n<p>Seis novos casos de coronav\u00edrus (Covid-19) foram confirmados na Bahia na tarde deste domingo (22). Destes, cinco foram diagnosticados pelo Laborat\u00f3rio Central de Sa\u00fade P\u00fablica da Bahia (Lacen-BA) e um caso por um laborat\u00f3rio privado da capital baiana. Com estes casos, a Bahia totaliza 55 pacientes confirmados com coronav\u00edrus, 601 foram descartados e n\u00e3o h\u00e1 \u00f3bitos registrados. Todos os casos foram importados ou de transmiss\u00e3o local.<\/p>\n","protected":false},"excerpt":{"rendered":"<p>A Secretaria Municipal de Sa\u00fade de Brumado, no sudoeste da Bahia, confirmou, neste domingo (22), o primeiro caso do novo coronav\u00edrus (Covid-19). A paciente \u00e9, possui entre 30 e 40 anos. Ela esteve recentemente em Belo Horizonte. Agora, um caso confirmado, sete suspeitos, dois descartados e dois aguardando resultado. Um caso de coronav\u00edrus tamb\u00e9m foi [&hellip;]<\/p>\n","protected":false},"author":2,"featured_media":85659,"comment_status":"open","ping_status":"open","sticky":false,"template":"","format":"standard","meta":{"footnotes":"","_links_to":"","_links_to_target":""},"categories":[1],"tags":[],"class_list":["post-85657","post","type-post","status-publish","format-standard","has-post-thumbnail","hentry","category-geral"],"views":1326,"_links":{"self":[{"href":"https:\/\/www.sudoestehoje.com.br\/novoportal\/wp-json\/wp\/v2\/posts\/85657","targetHints":{"allow":["GET"]}}],"collection":[{"href":"https:\/\/www.sudoestehoje.com.br\/novoportal\/wp-json\/wp\/v2\/posts"}],"about":[{"href":"https:\/\/www.sudoestehoje.com.br\/novoportal\/wp-json\/wp\/v2\/types\/post"}],"author":[{"embeddable":true,"href":"https:\/\/www.sudoestehoje.com.br\/novoportal\/wp-json\/wp\/v2\/users\/2"}],"replies":[{"embeddable":true,"href":"https:\/\/www.sudoestehoje.com.br\/novoportal\/wp-json\/wp\/v2\/comments?post=85657"}],"version-history":[{"count":3,"href":"https:\/\/www.sudoestehoje.com.br\/novoportal\/wp-json\/wp\/v2\/posts\/85657\/revisions"}],"predecessor-version":[{"id":85662,"href":"https:\/\/www.sudoestehoje.com.br\/novoportal\/wp-json\/wp\/v2\/posts\/85657\/revisions\/85662"}],"wp:featuredmedia":[{"embeddable":true,"href":"https:\/\/www.sudoestehoje.com.br\/novoportal\/wp-json\/wp\/v2\/media\/85659"}],"wp:attachment":[{"href":"https:\/\/www.sudoestehoje.com.br\/novoportal\/wp-json\/wp\/v2\/media?parent=85657"}],"wp:term":[{"taxonomy":"category","embeddable":true,"href":"https:\/\/www.sudoestehoje.com.br\/novoportal\/wp-json\/wp\/v2\/categories?post=85657"},{"taxonomy":"post_tag","embeddable":true,"href":"https:\/\/www.sudoestehoje.com.br\/novoportal\/wp-json\/wp\/v2\/tags?post=85657"}],"curies":[{"name":"wp","href":"https:\/\/api.w.org\/{rel}","templated":true}]}}