
{"id":85652,"date":"2020-03-22T21:55:18","date_gmt":"2020-03-23T00:55:18","guid":{"rendered":"https:\/\/www.sudoestehoje.com.br\/novoportal\/?p=85652"},"modified":"2020-03-22T23:02:32","modified_gmt":"2020-03-23T02:02:32","slug":"itapetinga-cdl-e-prefeitura-decidem-fechar-comercio-a-partir-desta-terca-feira","status":"publish","type":"post","link":"https:\/\/www.sudoestehoje.com.br\/novoportal\/2020\/03\/22\/itapetinga-cdl-e-prefeitura-decidem-fechar-comercio-a-partir-desta-terca-feira\/","title":{"rendered":"ITAPETINGA: CDL E PREFEITURA DECIDEM FECHAR COM\u00c9RCIO A PARTIR DESTA TER\u00c7A-FEIRA"},"content":{"rendered":"<p><a href=\"https:\/\/www.sudoestehoje.com.br\/novoportal\/wp-content\/uploads\/2020\/03\/FECHA-COMERCIO-1.jpg\"><img loading=\"lazy\" decoding=\"async\" class=\"aligncenter size-medium wp-image-85653\" src=\"https:\/\/www.sudoestehoje.com.br\/novoportal\/wp-content\/uploads\/2020\/03\/FECHA-COMERCIO-1-500x500.jpg\" alt=\"\" width=\"500\" height=\"500\" srcset=\"https:\/\/www.sudoestehoje.com.br\/novoportal\/wp-content\/uploads\/2020\/03\/FECHA-COMERCIO-1-500x500.jpg 500w, https:\/\/www.sudoestehoje.com.br\/novoportal\/wp-content\/uploads\/2020\/03\/FECHA-COMERCIO-1-150x150.jpg 150w, https:\/\/www.sudoestehoje.com.br\/novoportal\/wp-content\/uploads\/2020\/03\/FECHA-COMERCIO-1-768x768.jpg 768w, https:\/\/www.sudoestehoje.com.br\/novoportal\/wp-content\/uploads\/2020\/03\/FECHA-COMERCIO-1-700x700.jpg 700w, https:\/\/www.sudoestehoje.com.br\/novoportal\/wp-content\/uploads\/2020\/03\/FECHA-COMERCIO-1.jpg 1080w\" sizes=\"auto, (max-width: 500px) 100vw, 500px\" \/><\/a><\/p>\n<p>A CDL de Itapetinga, entidade representativa da classe lojista, ap\u00f3s o registro do terceiro caso suspeito de coronav\u00edrus na cidade, considerando as orienta\u00e7\u00f5es da OMS, Minist\u00e9rio da Sa\u00fade, CNDL e acolhendo a manifesta\u00e7\u00e3o da maioria dos seus associados, se reuniu com o Comit\u00ea de Crise da Prefeitura Municipal de Itapetinga, na manh\u00e3 desse domingo (22), para tratar de medidas preventivas em rela\u00e7\u00e3o a pandemia do COVID-19.<\/p>\n<p><strong>Conforme o Decreto n\u00ba 066\/2020 ficou estabelecido o FECHAMENTO DO COM\u00c9RCIO DE ITAPETINGA de 24 de mar\u00e7o (ter\u00e7a-feira) a 5 de abril (domingo).<\/strong><\/p>\n<p>Apenas os servi\u00e7os essenciais como os de sa\u00fade, farm\u00e1cias, supermercados, a\u00e7ougues e afins poder\u00e3o funcionar (vide art. 4\u00ba e 5\u00ba do Decreto em anexo), e alguns casos previstos com servi\u00e7os de entrega (delivery).<\/p>\n<p>Os servi\u00e7os banc\u00e1rios n\u00e3o ser\u00e3o interrompidos por for\u00e7a desse Decreto, pois os mesmos devem seguir recomenda\u00e7\u00e3o do Banco Central.<\/p>\n<p>Essa determina\u00e7\u00e3o \u00e9 v\u00e1lida para os estabelecimentos de todos os bairros da cidade, centro e distritos.<\/p>\n<p>Pelo bem comum, a CDL orienta a todos empres\u00e1rios o fiel cumprimento das normas estabelecidas, preservando a sa\u00fade e evitando multas e demais san\u00e7\u00f5es, ao tempo que informa est\u00e1 \u00e0 disposi\u00e7\u00e3o de toda a comunidade para os esclarecimentos que se fizerem necess\u00e1rios pelo e-mail <a href=\"mailto:cdlitapetinga@hotmail.com\">cdlitapetinga@hotmail.com<\/a> e whatsapp corporativo 77 9 8884-2505. \/\/<strong><em>Texto Ascom CDL<\/em><\/strong><\/p>\n","protected":false},"excerpt":{"rendered":"<p>A CDL de Itapetinga, entidade representativa da classe lojista, ap\u00f3s o registro do terceiro caso suspeito de coronav\u00edrus na cidade, considerando as orienta\u00e7\u00f5es da OMS, Minist\u00e9rio da Sa\u00fade, CNDL e acolhendo a manifesta\u00e7\u00e3o da maioria dos seus associados, se reuniu com o Comit\u00ea de Crise da Prefeitura Municipal de Itapetinga, na manh\u00e3 desse domingo (22), [&hellip;]<\/p>\n","protected":false},"author":2,"featured_media":85653,"comment_status":"open","ping_status":"open","sticky":false,"template":"","format":"standard","meta":{"footnotes":"","_links_to":"","_links_to_target":""},"categories":[1],"tags":[],"class_list":["post-85652","post","type-post","status-publish","format-standard","has-post-thumbnail","hentry","category-geral"],"views":773,"_links":{"self":[{"href":"https:\/\/www.sudoestehoje.com.br\/novoportal\/wp-json\/wp\/v2\/posts\/85652","targetHints":{"allow":["GET"]}}],"collection":[{"href":"https:\/\/www.sudoestehoje.com.br\/novoportal\/wp-json\/wp\/v2\/posts"}],"about":[{"href":"https:\/\/www.sudoestehoje.com.br\/novoportal\/wp-json\/wp\/v2\/types\/post"}],"author":[{"embeddable":true,"href":"https:\/\/www.sudoestehoje.com.br\/novoportal\/wp-json\/wp\/v2\/users\/2"}],"replies":[{"embeddable":true,"href":"https:\/\/www.sudoestehoje.com.br\/novoportal\/wp-json\/wp\/v2\/comments?post=85652"}],"version-history":[{"count":3,"href":"https:\/\/www.sudoestehoje.com.br\/novoportal\/wp-json\/wp\/v2\/posts\/85652\/revisions"}],"predecessor-version":[{"id":85656,"href":"https:\/\/www.sudoestehoje.com.br\/novoportal\/wp-json\/wp\/v2\/posts\/85652\/revisions\/85656"}],"wp:featuredmedia":[{"embeddable":true,"href":"https:\/\/www.sudoestehoje.com.br\/novoportal\/wp-json\/wp\/v2\/media\/85653"}],"wp:attachment":[{"href":"https:\/\/www.sudoestehoje.com.br\/novoportal\/wp-json\/wp\/v2\/media?parent=85652"}],"wp:term":[{"taxonomy":"category","embeddable":true,"href":"https:\/\/www.sudoestehoje.com.br\/novoportal\/wp-json\/wp\/v2\/categories?post=85652"},{"taxonomy":"post_tag","embeddable":true,"href":"https:\/\/www.sudoestehoje.com.br\/novoportal\/wp-json\/wp\/v2\/tags?post=85652"}],"curies":[{"name":"wp","href":"https:\/\/api.w.org\/{rel}","templated":true}]}}