
{"id":85631,"date":"2020-03-22T14:34:31","date_gmt":"2020-03-22T17:34:31","guid":{"rendered":"https:\/\/www.sudoestehoje.com.br\/novoportal\/?p=85631"},"modified":"2020-03-22T14:36:02","modified_gmt":"2020-03-22T17:36:02","slug":"ministro-da-saude-sugere-adiamento-das-eleicoes-municipais-vai-ser-uma-tragedia","status":"publish","type":"post","link":"https:\/\/www.sudoestehoje.com.br\/novoportal\/2020\/03\/22\/ministro-da-saude-sugere-adiamento-das-eleicoes-municipais-vai-ser-uma-tragedia\/","title":{"rendered":"MINISTRO DA SA\u00daDE SUGERE ADIAMENTO DAS ELEI\u00c7\u00d5ES MUNICIPAIS; &#8220;VAI SER UMA TRAG\u00c9DIA&#8221;"},"content":{"rendered":"<p><a href=\"https:\/\/www.sudoestehoje.com.br\/novoportal\/wp-content\/uploads\/2020\/03\/MANDETA-ELEI\u00c7\u00d5ES.jpg\"><img loading=\"lazy\" decoding=\"async\" class=\"aligncenter size-medium wp-image-85633\" src=\"https:\/\/www.sudoestehoje.com.br\/novoportal\/wp-content\/uploads\/2020\/03\/MANDETA-ELEI\u00c7\u00d5ES-500x281.jpg\" alt=\"\" width=\"500\" height=\"281\" srcset=\"https:\/\/www.sudoestehoje.com.br\/novoportal\/wp-content\/uploads\/2020\/03\/MANDETA-ELEI\u00c7\u00d5ES-500x281.jpg 500w, https:\/\/www.sudoestehoje.com.br\/novoportal\/wp-content\/uploads\/2020\/03\/MANDETA-ELEI\u00c7\u00d5ES-768x432.jpg 768w, https:\/\/www.sudoestehoje.com.br\/novoportal\/wp-content\/uploads\/2020\/03\/MANDETA-ELEI\u00c7\u00d5ES-700x394.jpg 700w, https:\/\/www.sudoestehoje.com.br\/novoportal\/wp-content\/uploads\/2020\/03\/MANDETA-ELEI\u00c7\u00d5ES.jpg 960w\" sizes=\"auto, (max-width: 500px) 100vw, 500px\" \/><\/a><\/p>\n<p>O ministro da sa\u00fade, Luiz Henrique Mandetta, afirmou que o Congresso deveria adiar as elei\u00e7\u00f5es municipais deste ano, marcadas para outubro, para conter o avan\u00e7o do novo coronav\u00edrus no pa\u00eds. O coment\u00e1rio foi feito durante reuni\u00e3o por videoconfer\u00eancia com prefeitos de capitais, neste domingo (22).<\/p>\n<p>Para Mandetta, a disputa eleitoral pode comprometer o foco dos gestores e causar uma &#8220;trag\u00e9dia&#8221;. &#8220;Fa\u00e7o aqui at\u00e9 uma sugest\u00e3o. Est\u00e1 na hora de o Congresso falar: &#8216;adia&#8217;, faz um mandato desses vereadores e prefeitos. Elei\u00e7\u00e3o no meio do ano&#8230; uma trag\u00e9dia, por que vai todo mundo querer fazer a\u00e7\u00e3o pol\u00edtica&#8221;, disse.<\/p>\n<p>O ministro fez o coment\u00e1rio em resposta a um dos prefeitos que mencionou dificuldades pol\u00edticas com outros atores da regi\u00e3o para adotar algumas medidas de conten\u00e7\u00e3o. &#8220;N\u00e3o \u00e9 hora de falar sobre isso&#8221;, cortou o prefeito de Campinas, Jonas Donizette, presidente da Frente Nacional de Prefeitos (FNP). Em seguida, foi dada a palavra a um outro gestor, e n\u00e3o se tocou mais no assunto.<\/p>\n<p>Desde que se intensificaram as consequ\u00eancias da pandemia, l\u00edderes do Congresso come\u00e7aram a falar na possibilidade de adiar o pleito que escolher\u00e1 os novos prefeitos e vereadores.&#8221;<\/p>\n","protected":false},"excerpt":{"rendered":"<p>O ministro da sa\u00fade, Luiz Henrique Mandetta, afirmou que o Congresso deveria adiar as elei\u00e7\u00f5es municipais deste ano, marcadas para outubro, para conter o avan\u00e7o do novo coronav\u00edrus no pa\u00eds. O coment\u00e1rio foi feito durante reuni\u00e3o por videoconfer\u00eancia com prefeitos de capitais, neste domingo (22). Para Mandetta, a disputa eleitoral pode comprometer o foco dos [&hellip;]<\/p>\n","protected":false},"author":2,"featured_media":85633,"comment_status":"open","ping_status":"open","sticky":false,"template":"","format":"standard","meta":{"footnotes":"","_links_to":"","_links_to_target":""},"categories":[1],"tags":[],"class_list":["post-85631","post","type-post","status-publish","format-standard","has-post-thumbnail","hentry","category-geral"],"views":723,"_links":{"self":[{"href":"https:\/\/www.sudoestehoje.com.br\/novoportal\/wp-json\/wp\/v2\/posts\/85631","targetHints":{"allow":["GET"]}}],"collection":[{"href":"https:\/\/www.sudoestehoje.com.br\/novoportal\/wp-json\/wp\/v2\/posts"}],"about":[{"href":"https:\/\/www.sudoestehoje.com.br\/novoportal\/wp-json\/wp\/v2\/types\/post"}],"author":[{"embeddable":true,"href":"https:\/\/www.sudoestehoje.com.br\/novoportal\/wp-json\/wp\/v2\/users\/2"}],"replies":[{"embeddable":true,"href":"https:\/\/www.sudoestehoje.com.br\/novoportal\/wp-json\/wp\/v2\/comments?post=85631"}],"version-history":[{"count":3,"href":"https:\/\/www.sudoestehoje.com.br\/novoportal\/wp-json\/wp\/v2\/posts\/85631\/revisions"}],"predecessor-version":[{"id":85635,"href":"https:\/\/www.sudoestehoje.com.br\/novoportal\/wp-json\/wp\/v2\/posts\/85631\/revisions\/85635"}],"wp:featuredmedia":[{"embeddable":true,"href":"https:\/\/www.sudoestehoje.com.br\/novoportal\/wp-json\/wp\/v2\/media\/85633"}],"wp:attachment":[{"href":"https:\/\/www.sudoestehoje.com.br\/novoportal\/wp-json\/wp\/v2\/media?parent=85631"}],"wp:term":[{"taxonomy":"category","embeddable":true,"href":"https:\/\/www.sudoestehoje.com.br\/novoportal\/wp-json\/wp\/v2\/categories?post=85631"},{"taxonomy":"post_tag","embeddable":true,"href":"https:\/\/www.sudoestehoje.com.br\/novoportal\/wp-json\/wp\/v2\/tags?post=85631"}],"curies":[{"name":"wp","href":"https:\/\/api.w.org\/{rel}","templated":true}]}}