
{"id":85615,"date":"2020-03-21T20:15:57","date_gmt":"2020-03-21T23:15:57","guid":{"rendered":"https:\/\/www.sudoestehoje.com.br\/novoportal\/?p=85615"},"modified":"2020-03-22T10:18:53","modified_gmt":"2020-03-22T13:18:53","slug":"itapetinga-secretaria-de-saude-anuncia-3o-caso-suspeito-de-coronavirus","status":"publish","type":"post","link":"https:\/\/www.sudoestehoje.com.br\/novoportal\/2020\/03\/21\/itapetinga-secretaria-de-saude-anuncia-3o-caso-suspeito-de-coronavirus\/","title":{"rendered":"ITAPETINGA: SECRETARIA DE SA\u00daDE ANUNCIA 3\u00ba CASO SUSPEITO DE CORONAV\u00cdRUS"},"content":{"rendered":"<p><a href=\"https:\/\/www.sudoestehoje.com.br\/novoportal\/wp-content\/uploads\/2020\/03\/corona-itap.jpg\"><img loading=\"lazy\" decoding=\"async\" class=\"aligncenter size-medium wp-image-85617\" src=\"https:\/\/www.sudoestehoje.com.br\/novoportal\/wp-content\/uploads\/2020\/03\/corona-itap-500x333.jpg\" alt=\"\" width=\"500\" height=\"333\" \/><\/a><\/p>\n<p>Nesta s\u00e1bado (21), o Secret\u00e1rio de Sa\u00fade Hugo Souza divulgou v\u00eddeo atrav\u00e9s das redes sociais, informando a exist\u00eancia de<strong> tr\u00eas casos suspeitos<\/strong> de Coronav\u00edrus em Itapetinga.<\/p>\n<p>As pessoas suspeitas de infec\u00e7\u00e3o pelo COMID-19 est\u00e3o em isolamento residencial e o material para teste j\u00e1 foi recolhido para ser enviado ao Laborat\u00f3rio Central, em Salvador, para an\u00e1lise. <strong><em>Confira v\u00eddeo:<\/em><\/strong><\/p>\n<p>&nbsp;<\/p>\n<p>https:\/\/www.facebook.com\/davi.ferraz.9\/videos\/2899549513469764\/<\/p>\n<p><strong><em>Por Davi Ferraz<\/em><\/strong><\/p>\n","protected":false},"excerpt":{"rendered":"<p>Nesta s\u00e1bado (21), o Secret\u00e1rio de Sa\u00fade Hugo Souza divulgou v\u00eddeo atrav\u00e9s das redes sociais, informando a exist\u00eancia de tr\u00eas casos suspeitos de Coronav\u00edrus em Itapetinga. As pessoas suspeitas de infec\u00e7\u00e3o pelo COMID-19 est\u00e3o em isolamento residencial e o material para teste j\u00e1 foi recolhido para ser enviado ao Laborat\u00f3rio Central, em Salvador, para an\u00e1lise. [&hellip;]<\/p>\n","protected":false},"author":2,"featured_media":85617,"comment_status":"open","ping_status":"open","sticky":false,"template":"","format":"standard","meta":{"footnotes":"","_links_to":"","_links_to_target":""},"categories":[1],"tags":[],"class_list":["post-85615","post","type-post","status-publish","format-standard","has-post-thumbnail","hentry","category-geral"],"views":802,"_links":{"self":[{"href":"https:\/\/www.sudoestehoje.com.br\/novoportal\/wp-json\/wp\/v2\/posts\/85615","targetHints":{"allow":["GET"]}}],"collection":[{"href":"https:\/\/www.sudoestehoje.com.br\/novoportal\/wp-json\/wp\/v2\/posts"}],"about":[{"href":"https:\/\/www.sudoestehoje.com.br\/novoportal\/wp-json\/wp\/v2\/types\/post"}],"author":[{"embeddable":true,"href":"https:\/\/www.sudoestehoje.com.br\/novoportal\/wp-json\/wp\/v2\/users\/2"}],"replies":[{"embeddable":true,"href":"https:\/\/www.sudoestehoje.com.br\/novoportal\/wp-json\/wp\/v2\/comments?post=85615"}],"version-history":[{"count":3,"href":"https:\/\/www.sudoestehoje.com.br\/novoportal\/wp-json\/wp\/v2\/posts\/85615\/revisions"}],"predecessor-version":[{"id":85619,"href":"https:\/\/www.sudoestehoje.com.br\/novoportal\/wp-json\/wp\/v2\/posts\/85615\/revisions\/85619"}],"wp:featuredmedia":[{"embeddable":true,"href":"https:\/\/www.sudoestehoje.com.br\/novoportal\/wp-json\/wp\/v2\/media\/85617"}],"wp:attachment":[{"href":"https:\/\/www.sudoestehoje.com.br\/novoportal\/wp-json\/wp\/v2\/media?parent=85615"}],"wp:term":[{"taxonomy":"category","embeddable":true,"href":"https:\/\/www.sudoestehoje.com.br\/novoportal\/wp-json\/wp\/v2\/categories?post=85615"},{"taxonomy":"post_tag","embeddable":true,"href":"https:\/\/www.sudoestehoje.com.br\/novoportal\/wp-json\/wp\/v2\/tags?post=85615"}],"curies":[{"name":"wp","href":"https:\/\/api.w.org\/{rel}","templated":true}]}}