
{"id":8560,"date":"2011-09-12T00:02:02","date_gmt":"2011-09-12T03:02:02","guid":{"rendered":"http:\/\/www.sudoestehoje.com.br\/novoportal\/?p=8560"},"modified":"2011-09-12T00:49:56","modified_gmt":"2011-09-12T03:49:56","slug":"fim-das-coligacoes-pode-ser-votado-nesta-quarta","status":"publish","type":"post","link":"https:\/\/www.sudoestehoje.com.br\/novoportal\/2011\/09\/12\/fim-das-coligacoes-pode-ser-votado-nesta-quarta\/","title":{"rendered":"FIM DAS COLIGA\u00c7\u00d5ES PODE SER VOTADO NESTA QUARTA"},"content":{"rendered":"<p style=\"text-align: center;\"><a href=\"http:\/\/blogdofabiosena.com.br\/v1\/wp-content\/uploads\/2011\/09\/senado22.jpg\"><img decoding=\"async\" class=\"aligncenter\" title=\"senado22\" src=\"http:\/\/blogdofabiosena.com.br\/v1\/wp-content\/uploads\/2011\/09\/senado22.jpg\" alt=\"\" width=\"400\" \/><\/a><\/p>\n<p style=\"text-align: center;\"><em><strong>De acordo com a proposta, s\u00e3o admitidas coliga\u00e7\u00f5es apenas nas elei\u00e7\u00f5es majorit\u00e1rias (presidente, governador, prefeito e senador<\/strong><\/em><\/p>\n<p>A proposta da Comiss\u00e3o da Reforma Pol\u00edtica que acaba com as coliga\u00e7\u00f5es partid\u00e1rias nas elei\u00e7\u00f5es proporcionais (<a href=\"http:\/\/www.senado.gov.br\/atividade\/materia\/detalhes.asp?p_cod_mate=100330\" target=\"_blank\">PEC 40\/2011<\/a>) pode ser votada nesta quarta-feira (14) pela Comiss\u00e3o de Constitui\u00e7\u00e3o, Justi\u00e7a e Cidadania (CCJ). Aprovada em junho pela CCJ, a PEC ser\u00e1 reexaminada em virtude da aprova\u00e7\u00e3o de requerimento para que tramitasse em conjunto com a\u00a0<a href=\"http:\/\/www.senado.gov.br\/atividade\/materia\/detalhes.asp?p_cod_mate=80565\" target=\"_blank\">PEC 29\/2007<\/a>, que trata do mesmo tema e tem o senador Jarbas Vasconcelos (PMDB-PE) como primeiro signat\u00e1rio.<\/p>\n<p>De acordo com a proposta, s\u00e3o admitidas coliga\u00e7\u00f5es apenas nas elei\u00e7\u00f5es majorit\u00e1rias (presidente, governador, prefeito e senador). O texto mant\u00e9m a determina\u00e7\u00e3o constitucional vigente que assegura autonomia dos partidos para estrutura\u00e7\u00e3o e organiza\u00e7\u00e3o interna, prevendo em seus estatutos normas de fidelidade e organiza\u00e7\u00e3o partid\u00e1ria. Tamb\u00e9m mant\u00e9m a n\u00e3o obrigatoriedade de vincula\u00e7\u00e3o entre as candidaturas em \u00e2mbito nacional, estadual, distrital e municipal.<\/p>\n<p>O parecer do relator, senador Valdir Raupp (PMDB-RO), \u00e9 pela aprova\u00e7\u00e3o da PEC 40\/2011, assim como havia sido decidido em junho, e pela prejudicialidade da PEC 29\/2007, que, segundo Raupp, \u201ctrata de mat\u00e9ria id\u00eantica\u201d. Se aprovado, o texto seguir\u00e1 para exame do Plen\u00e1rio.<\/p>\n","protected":false},"excerpt":{"rendered":"<p>De acordo com a proposta, s\u00e3o admitidas coliga\u00e7\u00f5es apenas nas elei\u00e7\u00f5es majorit\u00e1rias (presidente, governador, prefeito e senador A proposta da Comiss\u00e3o da Reforma Pol\u00edtica que acaba com as coliga\u00e7\u00f5es partid\u00e1rias nas elei\u00e7\u00f5es proporcionais (PEC 40\/2011) pode ser votada nesta quarta-feira (14) pela Comiss\u00e3o de Constitui\u00e7\u00e3o, Justi\u00e7a e Cidadania (CCJ). Aprovada em junho pela CCJ, a [&hellip;]<\/p>\n","protected":false},"author":2,"featured_media":0,"comment_status":"open","ping_status":"open","sticky":false,"template":"","format":"standard","meta":{"footnotes":"","_links_to":"","_links_to_target":""},"categories":[1],"tags":[],"class_list":["post-8560","post","type-post","status-publish","format-standard","hentry","category-geral"],"views":1199,"_links":{"self":[{"href":"https:\/\/www.sudoestehoje.com.br\/novoportal\/wp-json\/wp\/v2\/posts\/8560","targetHints":{"allow":["GET"]}}],"collection":[{"href":"https:\/\/www.sudoestehoje.com.br\/novoportal\/wp-json\/wp\/v2\/posts"}],"about":[{"href":"https:\/\/www.sudoestehoje.com.br\/novoportal\/wp-json\/wp\/v2\/types\/post"}],"author":[{"embeddable":true,"href":"https:\/\/www.sudoestehoje.com.br\/novoportal\/wp-json\/wp\/v2\/users\/2"}],"replies":[{"embeddable":true,"href":"https:\/\/www.sudoestehoje.com.br\/novoportal\/wp-json\/wp\/v2\/comments?post=8560"}],"version-history":[{"count":5,"href":"https:\/\/www.sudoestehoje.com.br\/novoportal\/wp-json\/wp\/v2\/posts\/8560\/revisions"}],"predecessor-version":[{"id":8564,"href":"https:\/\/www.sudoestehoje.com.br\/novoportal\/wp-json\/wp\/v2\/posts\/8560\/revisions\/8564"}],"wp:attachment":[{"href":"https:\/\/www.sudoestehoje.com.br\/novoportal\/wp-json\/wp\/v2\/media?parent=8560"}],"wp:term":[{"taxonomy":"category","embeddable":true,"href":"https:\/\/www.sudoestehoje.com.br\/novoportal\/wp-json\/wp\/v2\/categories?post=8560"},{"taxonomy":"post_tag","embeddable":true,"href":"https:\/\/www.sudoestehoje.com.br\/novoportal\/wp-json\/wp\/v2\/tags?post=8560"}],"curies":[{"name":"wp","href":"https:\/\/api.w.org\/{rel}","templated":true}]}}