
{"id":85599,"date":"2020-03-21T10:29:05","date_gmt":"2020-03-21T13:29:05","guid":{"rendered":"https:\/\/www.sudoestehoje.com.br\/novoportal\/?p=85599"},"modified":"2020-03-21T18:27:57","modified_gmt":"2020-03-21T21:27:57","slug":"bahia-tem-34-casos-de-coronavirus","status":"publish","type":"post","link":"https:\/\/www.sudoestehoje.com.br\/novoportal\/2020\/03\/21\/bahia-tem-34-casos-de-coronavirus\/","title":{"rendered":"BAHIA CHEGA A 41 CASOS DE CORONAV\u00cdRUS"},"content":{"rendered":"<p><a href=\"https:\/\/www.sudoestehoje.com.br\/novoportal\/wp-content\/uploads\/2020\/03\/exame-de-sangue-77930-article.jpg\"><img loading=\"lazy\" decoding=\"async\" class=\"aligncenter size-medium wp-image-85601\" src=\"https:\/\/www.sudoestehoje.com.br\/novoportal\/wp-content\/uploads\/2020\/03\/exame-de-sangue-77930-article-500x252.jpg\" alt=\"\" width=\"500\" height=\"252\" srcset=\"https:\/\/www.sudoestehoje.com.br\/novoportal\/wp-content\/uploads\/2020\/03\/exame-de-sangue-77930-article-500x252.jpg 500w, https:\/\/www.sudoestehoje.com.br\/novoportal\/wp-content\/uploads\/2020\/03\/exame-de-sangue-77930-article.jpg 600w\" sizes=\"auto, (max-width: 500px) 100vw, 500px\" \/><\/a><\/p>\n<p>om mais sete diagn\u00f3sticos de Covid-19, a Bahia agora registra 41 casos confirmados, de acordo com a Secretaria de Sa\u00fade (Sesab). Os novos registros foram divulgados, neste s\u00e1bado (21), pelo Laborat\u00f3rio Central de Sa\u00fade P\u00fablica da Bahia (Lacen-BA) e os exames foram feitos nas \u00faltimas 24 horas.<\/p>\n<p>Os novos casos foram registrados em Salvador (5), Prado (1) e Porto Seguro (1). Destes, 41 foram confirmados, 535 foram descartados e n\u00e3o h\u00e1 \u00f3bitos no estado. Todos os pacientes encontram-se em isolamento domiciliar, adotando as medidas de precau\u00e7\u00e3o respirat\u00f3ria e de contato.<\/p>\n<p>Do total de confirma\u00e7\u00f5es, <strong>23 foram em Salvador; 6 em Feira de Santana; 5 em Porto Seguro; 3 em Lauro de Freitas; 2 em Prado; 1 em Itabuna; e 1 em Cama\u00e7ari.<\/strong><\/p>\n<p>A Sesab ressaltou que os n\u00fameros s\u00e3o din\u00e2micos e, na medida em que as investiga\u00e7\u00f5es cl\u00ednicas e epidemiol\u00f3gicas avan\u00e7am, os casos s\u00e3o reavaliados, sendo pass\u00edveis de reenquadramento na classifica\u00e7\u00e3o.<\/p>\n","protected":false},"excerpt":{"rendered":"<p>om mais sete diagn\u00f3sticos de Covid-19, a Bahia agora registra 41 casos confirmados, de acordo com a Secretaria de Sa\u00fade (Sesab). Os novos registros foram divulgados, neste s\u00e1bado (21), pelo Laborat\u00f3rio Central de Sa\u00fade P\u00fablica da Bahia (Lacen-BA) e os exames foram feitos nas \u00faltimas 24 horas. Os novos casos foram registrados em Salvador (5), [&hellip;]<\/p>\n","protected":false},"author":2,"featured_media":85601,"comment_status":"open","ping_status":"open","sticky":false,"template":"","format":"standard","meta":{"footnotes":"","_links_to":"","_links_to_target":""},"categories":[1],"tags":[],"class_list":["post-85599","post","type-post","status-publish","format-standard","has-post-thumbnail","hentry","category-geral"],"views":723,"_links":{"self":[{"href":"https:\/\/www.sudoestehoje.com.br\/novoportal\/wp-json\/wp\/v2\/posts\/85599","targetHints":{"allow":["GET"]}}],"collection":[{"href":"https:\/\/www.sudoestehoje.com.br\/novoportal\/wp-json\/wp\/v2\/posts"}],"about":[{"href":"https:\/\/www.sudoestehoje.com.br\/novoportal\/wp-json\/wp\/v2\/types\/post"}],"author":[{"embeddable":true,"href":"https:\/\/www.sudoestehoje.com.br\/novoportal\/wp-json\/wp\/v2\/users\/2"}],"replies":[{"embeddable":true,"href":"https:\/\/www.sudoestehoje.com.br\/novoportal\/wp-json\/wp\/v2\/comments?post=85599"}],"version-history":[{"count":6,"href":"https:\/\/www.sudoestehoje.com.br\/novoportal\/wp-json\/wp\/v2\/posts\/85599\/revisions"}],"predecessor-version":[{"id":85613,"href":"https:\/\/www.sudoestehoje.com.br\/novoportal\/wp-json\/wp\/v2\/posts\/85599\/revisions\/85613"}],"wp:featuredmedia":[{"embeddable":true,"href":"https:\/\/www.sudoestehoje.com.br\/novoportal\/wp-json\/wp\/v2\/media\/85601"}],"wp:attachment":[{"href":"https:\/\/www.sudoestehoje.com.br\/novoportal\/wp-json\/wp\/v2\/media?parent=85599"}],"wp:term":[{"taxonomy":"category","embeddable":true,"href":"https:\/\/www.sudoestehoje.com.br\/novoportal\/wp-json\/wp\/v2\/categories?post=85599"},{"taxonomy":"post_tag","embeddable":true,"href":"https:\/\/www.sudoestehoje.com.br\/novoportal\/wp-json\/wp\/v2\/tags?post=85599"}],"curies":[{"name":"wp","href":"https:\/\/api.w.org\/{rel}","templated":true}]}}