
{"id":85593,"date":"2020-03-21T01:18:19","date_gmt":"2020-03-21T04:18:19","guid":{"rendered":"https:\/\/www.sudoestehoje.com.br\/novoportal\/?p=85593"},"modified":"2020-03-21T01:18:19","modified_gmt":"2020-03-21T04:18:19","slug":"pandemia-de-coronavirus-podera-adiar-as-eleicoes-municipais-deste-ano-para-2022","status":"publish","type":"post","link":"https:\/\/www.sudoestehoje.com.br\/novoportal\/2020\/03\/21\/pandemia-de-coronavirus-podera-adiar-as-eleicoes-municipais-deste-ano-para-2022\/","title":{"rendered":"PANDEMIA DE CORONAV\u00cdRUS PODER\u00c1 ADIAR AS ELEI\u00c7\u00d5ES MUNICIPAIS DESTE ANO PARA 2022"},"content":{"rendered":"<p><a href=\"https:\/\/www.sudoestehoje.com.br\/novoportal\/wp-content\/uploads\/2020\/03\/ELEI\u00c7\u00d5ES-Reprodu\u00e7\u00e3o.jpg\"><img loading=\"lazy\" decoding=\"async\" class=\"aligncenter size-medium wp-image-85594\" src=\"https:\/\/www.sudoestehoje.com.br\/novoportal\/wp-content\/uploads\/2020\/03\/ELEI\u00c7\u00d5ES-Reprodu\u00e7\u00e3o-500x281.jpg\" alt=\"\" width=\"500\" height=\"281\" srcset=\"https:\/\/www.sudoestehoje.com.br\/novoportal\/wp-content\/uploads\/2020\/03\/ELEI\u00c7\u00d5ES-Reprodu\u00e7\u00e3o-500x281.jpg 500w, https:\/\/www.sudoestehoje.com.br\/novoportal\/wp-content\/uploads\/2020\/03\/ELEI\u00c7\u00d5ES-Reprodu\u00e7\u00e3o.jpg 620w\" sizes=\"auto, (max-width: 500px) 100vw, 500px\" \/><\/a><\/p>\n<p>Senadores sugeriram nesta sexta-feira que as elei\u00e7\u00f5es municipais previstas para outubro sejam adiadas por conta dos impactos da epidemia do novo coronav\u00edrus.<\/p>\n<p>O l\u00edder do PSL no Senado, Major Ol\u00edmpio (SP), encaminhou of\u00edcio \u00e0 presidente do Tribunal Superior Eleitoral (TSE), ministra Rosa Weber, em que pede o adiamento das elei\u00e7\u00f5es para 2022 para evitar o cont\u00e1gio de pessoas com o in\u00edcio da campanha eleitoral e ajudar na economia de recursos p\u00fablicos.<\/p>\n<p>\u201cA crise provocada pelo coronav\u00edrus, com a consequente incerteza n\u00e3o somente sobre a extens\u00e3o, mas tamb\u00e9m sobre a dura\u00e7\u00e3o desta pandemia que tem vitimado milhares de pessoas em todo o mundo, tem gerado a paralisa\u00e7\u00e3o de diversas atividades&#8221; diz o documento encaminhado ao TSE. <span style=\"color: #0000ff;\"><strong><a style=\"color: #0000ff;\" href=\"https:\/\/economia.uol.com.br\/noticias\/reuters\/2020\/03\/20\/parlamentares-sugerem-adiar-eleicoes-municipais-de-outubro-por-coronavirus.htm?cmpid=copiaecola\">VEJA MAIS<\/a><\/strong><\/span><\/p>\n","protected":false},"excerpt":{"rendered":"<p>Senadores sugeriram nesta sexta-feira que as elei\u00e7\u00f5es municipais previstas para outubro sejam adiadas por conta dos impactos da epidemia do novo coronav\u00edrus. O l\u00edder do PSL no Senado, Major Ol\u00edmpio (SP), encaminhou of\u00edcio \u00e0 presidente do Tribunal Superior Eleitoral (TSE), ministra Rosa Weber, em que pede o adiamento das elei\u00e7\u00f5es para 2022 para evitar o [&hellip;]<\/p>\n","protected":false},"author":2,"featured_media":85594,"comment_status":"open","ping_status":"open","sticky":false,"template":"","format":"standard","meta":{"footnotes":"","_links_to":"","_links_to_target":""},"categories":[1],"tags":[],"class_list":["post-85593","post","type-post","status-publish","format-standard","has-post-thumbnail","hentry","category-geral"],"views":710,"_links":{"self":[{"href":"https:\/\/www.sudoestehoje.com.br\/novoportal\/wp-json\/wp\/v2\/posts\/85593","targetHints":{"allow":["GET"]}}],"collection":[{"href":"https:\/\/www.sudoestehoje.com.br\/novoportal\/wp-json\/wp\/v2\/posts"}],"about":[{"href":"https:\/\/www.sudoestehoje.com.br\/novoportal\/wp-json\/wp\/v2\/types\/post"}],"author":[{"embeddable":true,"href":"https:\/\/www.sudoestehoje.com.br\/novoportal\/wp-json\/wp\/v2\/users\/2"}],"replies":[{"embeddable":true,"href":"https:\/\/www.sudoestehoje.com.br\/novoportal\/wp-json\/wp\/v2\/comments?post=85593"}],"version-history":[{"count":4,"href":"https:\/\/www.sudoestehoje.com.br\/novoportal\/wp-json\/wp\/v2\/posts\/85593\/revisions"}],"predecessor-version":[{"id":85598,"href":"https:\/\/www.sudoestehoje.com.br\/novoportal\/wp-json\/wp\/v2\/posts\/85593\/revisions\/85598"}],"wp:featuredmedia":[{"embeddable":true,"href":"https:\/\/www.sudoestehoje.com.br\/novoportal\/wp-json\/wp\/v2\/media\/85594"}],"wp:attachment":[{"href":"https:\/\/www.sudoestehoje.com.br\/novoportal\/wp-json\/wp\/v2\/media?parent=85593"}],"wp:term":[{"taxonomy":"category","embeddable":true,"href":"https:\/\/www.sudoestehoje.com.br\/novoportal\/wp-json\/wp\/v2\/categories?post=85593"},{"taxonomy":"post_tag","embeddable":true,"href":"https:\/\/www.sudoestehoje.com.br\/novoportal\/wp-json\/wp\/v2\/tags?post=85593"}],"curies":[{"name":"wp","href":"https:\/\/api.w.org\/{rel}","templated":true}]}}