
{"id":85582,"date":"2020-03-20T22:09:05","date_gmt":"2020-03-21T01:09:05","guid":{"rendered":"https:\/\/www.sudoestehoje.com.br\/novoportal\/?p=85582"},"modified":"2020-03-20T22:09:51","modified_gmt":"2020-03-21T01:09:51","slug":"mensagem-dos-funcionarios-do-cristo-a-populacao-estamos-aqui-por-voces-fiquem-em-casa-por-nos","status":"publish","type":"post","link":"https:\/\/www.sudoestehoje.com.br\/novoportal\/2020\/03\/20\/mensagem-dos-funcionarios-do-cristo-a-populacao-estamos-aqui-por-voces-fiquem-em-casa-por-nos\/","title":{"rendered":"MENSAGEM DOS FUNCION\u00c1RIOS DO CRISTO \u00c0 POPULA\u00c7\u00c3O; &#8220;ESTAMOS AQUI POR VOC\u00caS, FIQUEM EM CASA POR N\u00d3S&#8221;"},"content":{"rendered":"<p><a href=\"https:\/\/www.sudoestehoje.com.br\/novoportal\/wp-content\/uploads\/2020\/03\/FUNC-HCR.jpg\"><img loading=\"lazy\" decoding=\"async\" class=\"aligncenter size-medium wp-image-85585\" src=\"https:\/\/www.sudoestehoje.com.br\/novoportal\/wp-content\/uploads\/2020\/03\/FUNC-HCR-500x353.jpg\" alt=\"\" width=\"500\" height=\"353\" srcset=\"https:\/\/www.sudoestehoje.com.br\/novoportal\/wp-content\/uploads\/2020\/03\/FUNC-HCR-500x353.jpg 500w, https:\/\/www.sudoestehoje.com.br\/novoportal\/wp-content\/uploads\/2020\/03\/FUNC-HCR-700x495.jpg 700w, https:\/\/www.sudoestehoje.com.br\/novoportal\/wp-content\/uploads\/2020\/03\/FUNC-HCR.jpg 723w\" sizes=\"auto, (max-width: 500px) 100vw, 500px\" \/><\/a><\/p>\n<p>Atrav\u00e9s das redes sociais, os colaboradores do Hospital Cristo Redentor\/Funda\u00e7\u00e3o Jos\u00e9 Silveira levaram, nesta sexta-feira (20), a seguinte mensagem a comunidade.<em><strong> \u201cEstamos aqui por voc\u00eas. Fique em casa por n\u00f3s\u201d.<\/strong><\/em><\/p>\n<p>A a\u00e7\u00e3o gerou centenas de compartilhamentos e coment\u00e1rios no Facebook, Instagram e WhatsApp.<\/p>\n<p>A Funda\u00e7\u00e3o Jos\u00e9 Silveira refor\u00e7a que todas as orienta\u00e7\u00f5es da Organiza\u00e7\u00e3o Mundial de Sa\u00fade &#8211; OMS e Secretaria de Sa\u00fade do Estado &#8211; SESAB est\u00e3o sendo seguidas, como tamb\u00e9m foram estabelecidas a\u00e7\u00f5es visando o combate do COVID-19.<\/p>\n","protected":false},"excerpt":{"rendered":"<p>Atrav\u00e9s das redes sociais, os colaboradores do Hospital Cristo Redentor\/Funda\u00e7\u00e3o Jos\u00e9 Silveira levaram, nesta sexta-feira (20), a seguinte mensagem a comunidade. \u201cEstamos aqui por voc\u00eas. Fique em casa por n\u00f3s\u201d. A a\u00e7\u00e3o gerou centenas de compartilhamentos e coment\u00e1rios no Facebook, Instagram e WhatsApp. A Funda\u00e7\u00e3o Jos\u00e9 Silveira refor\u00e7a que todas as orienta\u00e7\u00f5es da Organiza\u00e7\u00e3o Mundial [&hellip;]<\/p>\n","protected":false},"author":2,"featured_media":85585,"comment_status":"open","ping_status":"open","sticky":false,"template":"","format":"standard","meta":{"footnotes":"","_links_to":"","_links_to_target":""},"categories":[1],"tags":[],"class_list":["post-85582","post","type-post","status-publish","format-standard","has-post-thumbnail","hentry","category-geral"],"views":2211,"_links":{"self":[{"href":"https:\/\/www.sudoestehoje.com.br\/novoportal\/wp-json\/wp\/v2\/posts\/85582","targetHints":{"allow":["GET"]}}],"collection":[{"href":"https:\/\/www.sudoestehoje.com.br\/novoportal\/wp-json\/wp\/v2\/posts"}],"about":[{"href":"https:\/\/www.sudoestehoje.com.br\/novoportal\/wp-json\/wp\/v2\/types\/post"}],"author":[{"embeddable":true,"href":"https:\/\/www.sudoestehoje.com.br\/novoportal\/wp-json\/wp\/v2\/users\/2"}],"replies":[{"embeddable":true,"href":"https:\/\/www.sudoestehoje.com.br\/novoportal\/wp-json\/wp\/v2\/comments?post=85582"}],"version-history":[{"count":6,"href":"https:\/\/www.sudoestehoje.com.br\/novoportal\/wp-json\/wp\/v2\/posts\/85582\/revisions"}],"predecessor-version":[{"id":85589,"href":"https:\/\/www.sudoestehoje.com.br\/novoportal\/wp-json\/wp\/v2\/posts\/85582\/revisions\/85589"}],"wp:featuredmedia":[{"embeddable":true,"href":"https:\/\/www.sudoestehoje.com.br\/novoportal\/wp-json\/wp\/v2\/media\/85585"}],"wp:attachment":[{"href":"https:\/\/www.sudoestehoje.com.br\/novoportal\/wp-json\/wp\/v2\/media?parent=85582"}],"wp:term":[{"taxonomy":"category","embeddable":true,"href":"https:\/\/www.sudoestehoje.com.br\/novoportal\/wp-json\/wp\/v2\/categories?post=85582"},{"taxonomy":"post_tag","embeddable":true,"href":"https:\/\/www.sudoestehoje.com.br\/novoportal\/wp-json\/wp\/v2\/tags?post=85582"}],"curies":[{"name":"wp","href":"https:\/\/api.w.org\/{rel}","templated":true}]}}