
{"id":85577,"date":"2020-03-20T19:54:04","date_gmt":"2020-03-20T22:54:04","guid":{"rendered":"https:\/\/www.sudoestehoje.com.br\/novoportal\/?p=85577"},"modified":"2020-03-21T10:37:39","modified_gmt":"2020-03-21T13:37:39","slug":"urgente-primeiro-caso-suspeito-de-coronavirus-e-registrado-em-itapetinga","status":"publish","type":"post","link":"https:\/\/www.sudoestehoje.com.br\/novoportal\/2020\/03\/20\/urgente-primeiro-caso-suspeito-de-coronavirus-e-registrado-em-itapetinga\/","title":{"rendered":"URGENTE: PRIMEIRO CASO SUSPEITO DE CORONAV\u00cdRUS \u00c9 REGISTRADO EM ITAPETINGA"},"content":{"rendered":"<p><a href=\"https:\/\/www.sudoestehoje.com.br\/novoportal\/wp-content\/uploads\/2020\/03\/itap-virus.jpg\"><img loading=\"lazy\" decoding=\"async\" class=\"aligncenter wp-image-85576\" src=\"https:\/\/www.sudoestehoje.com.br\/novoportal\/wp-content\/uploads\/2020\/03\/itap-virus.jpg\" alt=\"\" width=\"500\" height=\"336\" \/><\/a><\/p>\n<p>No in\u00edcio da noite desta sexta-feira (20), o prefeito Rodrigo Hagge ocupou as redes sociais para anunciar o primeiro &#8216;caso suspeito&#8217; de Coronav\u00edrus em Itapetinga e pedir \u00e0 popula\u00e7\u00e3o que acate as medidas protetivas adotadas atrav\u00e9s de Decreto Municipal, baixadas hoje.<\/p>\n<p>Atrav\u00e9s de fontes fidedignas, o Sudoeste Hoje apurou que a pessoa suspeita de ter contra\u00eddo o v\u00edrus \u00e9 do sexo feminino e esteve recentemente em viagem pela Europa, tendo recebido em Itapetinga duas amigas do Rio de Janeiro.<\/p>\n<p>A paciente teria sentido alguns sintomas peculiares ao Coronav\u00edrus e chegou a ser atendida em um consult\u00f3rio m\u00e9dico, sendo diagnosticada como portadora de uma &#8220;virose at\u00edpica&#8221;.<\/p>\n<p>Para complicar a situa\u00e7\u00e3o, as duas amigas que a visitaram teriam sentido os mesmos sintomas\u00a0ao chegarem no Rio de Janeiro.<\/p>\n<p>A paciente de Itapetinga se encontra de quarentena em sua resid\u00eancia, aguardando o resultado do teste encaminhado pela Secretaria Municipal de Sa\u00fade ao Laborat\u00f3rio Central &#8211; LACEM, em Salvador.<\/p>\n<p><em><strong>Por Davi Ferraz<\/strong><\/em><\/p>\n","protected":false},"excerpt":{"rendered":"<p>No in\u00edcio da noite desta sexta-feira (20), o prefeito Rodrigo Hagge ocupou as redes sociais para anunciar o primeiro &#8216;caso suspeito&#8217; de Coronav\u00edrus em Itapetinga e pedir \u00e0 popula\u00e7\u00e3o que acate as medidas protetivas adotadas atrav\u00e9s de Decreto Municipal, baixadas hoje. Atrav\u00e9s de fontes fidedignas, o Sudoeste Hoje apurou que a pessoa suspeita de ter [&hellip;]<\/p>\n","protected":false},"author":2,"featured_media":85576,"comment_status":"open","ping_status":"open","sticky":false,"template":"","format":"standard","meta":{"footnotes":"","_links_to":"","_links_to_target":""},"categories":[1],"tags":[],"class_list":["post-85577","post","type-post","status-publish","format-standard","has-post-thumbnail","hentry","category-geral"],"views":1091,"_links":{"self":[{"href":"https:\/\/www.sudoestehoje.com.br\/novoportal\/wp-json\/wp\/v2\/posts\/85577","targetHints":{"allow":["GET"]}}],"collection":[{"href":"https:\/\/www.sudoestehoje.com.br\/novoportal\/wp-json\/wp\/v2\/posts"}],"about":[{"href":"https:\/\/www.sudoestehoje.com.br\/novoportal\/wp-json\/wp\/v2\/types\/post"}],"author":[{"embeddable":true,"href":"https:\/\/www.sudoestehoje.com.br\/novoportal\/wp-json\/wp\/v2\/users\/2"}],"replies":[{"embeddable":true,"href":"https:\/\/www.sudoestehoje.com.br\/novoportal\/wp-json\/wp\/v2\/comments?post=85577"}],"version-history":[{"count":6,"href":"https:\/\/www.sudoestehoje.com.br\/novoportal\/wp-json\/wp\/v2\/posts\/85577\/revisions"}],"predecessor-version":[{"id":85605,"href":"https:\/\/www.sudoestehoje.com.br\/novoportal\/wp-json\/wp\/v2\/posts\/85577\/revisions\/85605"}],"wp:featuredmedia":[{"embeddable":true,"href":"https:\/\/www.sudoestehoje.com.br\/novoportal\/wp-json\/wp\/v2\/media\/85576"}],"wp:attachment":[{"href":"https:\/\/www.sudoestehoje.com.br\/novoportal\/wp-json\/wp\/v2\/media?parent=85577"}],"wp:term":[{"taxonomy":"category","embeddable":true,"href":"https:\/\/www.sudoestehoje.com.br\/novoportal\/wp-json\/wp\/v2\/categories?post=85577"},{"taxonomy":"post_tag","embeddable":true,"href":"https:\/\/www.sudoestehoje.com.br\/novoportal\/wp-json\/wp\/v2\/tags?post=85577"}],"curies":[{"name":"wp","href":"https:\/\/api.w.org\/{rel}","templated":true}]}}