
{"id":85567,"date":"2020-03-20T18:26:57","date_gmt":"2020-03-20T21:26:57","guid":{"rendered":"https:\/\/www.sudoestehoje.com.br\/novoportal\/?p=85567"},"modified":"2020-03-20T18:44:45","modified_gmt":"2020-03-20T21:44:45","slug":"vulcabras-azaleia-concede-ferias-coletivas-a-mais-de-4-mil-empregados-em-itapetinga","status":"publish","type":"post","link":"https:\/\/www.sudoestehoje.com.br\/novoportal\/2020\/03\/20\/vulcabras-azaleia-concede-ferias-coletivas-a-mais-de-4-mil-empregados-em-itapetinga\/","title":{"rendered":"VULCABRAS\/AZALEIA CONCEDE F\u00c9RIAS COLETIVAS A MAIS DE 4 MIL EMPREGADOS EM ITAPETINGA"},"content":{"rendered":"<p><a href=\"https:\/\/www.sudoestehoje.com.br\/novoportal\/wp-content\/uploads\/2020\/03\/AZALEIA-1-1.jpg\"><img loading=\"lazy\" decoding=\"async\" class=\"aligncenter size-medium wp-image-85573\" src=\"https:\/\/www.sudoestehoje.com.br\/novoportal\/wp-content\/uploads\/2020\/03\/AZALEIA-1-1-500x333.jpg\" alt=\"\" width=\"500\" height=\"333\" srcset=\"https:\/\/www.sudoestehoje.com.br\/novoportal\/wp-content\/uploads\/2020\/03\/AZALEIA-1-1-500x333.jpg 500w, https:\/\/www.sudoestehoje.com.br\/novoportal\/wp-content\/uploads\/2020\/03\/AZALEIA-1-1-768x512.jpg 768w, https:\/\/www.sudoestehoje.com.br\/novoportal\/wp-content\/uploads\/2020\/03\/AZALEIA-1-1-700x467.jpg 700w, https:\/\/www.sudoestehoje.com.br\/novoportal\/wp-content\/uploads\/2020\/03\/AZALEIA-1-1.jpg 960w\" sizes=\"auto, (max-width: 500px) 100vw, 500px\" \/><\/a><\/p>\n<p>Diante das dr\u00e1sticas medidas do governo para combater a propaga\u00e7\u00e3o do <strong>Corinav\u00edrus<\/strong> no pa\u00eds, a Ind\u00fastria de Cal\u00e7ados Vulcabr\u00e1s\/Azaleia, sediada em Itapetinga, acaba de emitir nota em que informa a concess\u00e3o de<strong> F\u00c9RIAS COLETIVAS<\/strong> para todos os seus colaboradores, que somam mais de 4 mil na f\u00e1brica local.<\/p>\n<p>Com a decis\u00e3o, a Azaleia se torna o primeiro grande empregador no Estado a adotar a severa medida, que dever\u00e1 ser seguida por outras empresas de grande e m\u00e9dio porte na Bahia.<\/p>\n<p>As f\u00e9rias coletivas concedidas pela Azaleia ser\u00e3o de 21 dias, com in\u00edcio em <strong>23 de mar\u00e7o (segunda-feira) e t\u00e9rmino em 12 de abril de 2020. <em>CONFIRA NOTA:<\/em><\/strong><\/p>\n<p><a href=\"https:\/\/www.sudoestehoje.com.br\/novoportal\/wp-content\/uploads\/2020\/03\/ferias-coletivas-azaleia.jpg\"><img loading=\"lazy\" decoding=\"async\" class=\"aligncenter size-medium wp-image-85569\" src=\"https:\/\/www.sudoestehoje.com.br\/novoportal\/wp-content\/uploads\/2020\/03\/ferias-coletivas-azaleia-500x681.jpg\" alt=\"\" width=\"500\" height=\"681\" srcset=\"https:\/\/www.sudoestehoje.com.br\/novoportal\/wp-content\/uploads\/2020\/03\/ferias-coletivas-azaleia-500x681.jpg 500w, https:\/\/www.sudoestehoje.com.br\/novoportal\/wp-content\/uploads\/2020\/03\/ferias-coletivas-azaleia-768x1045.jpg 768w, https:\/\/www.sudoestehoje.com.br\/novoportal\/wp-content\/uploads\/2020\/03\/ferias-coletivas-azaleia-661x900.jpg 661w, https:\/\/www.sudoestehoje.com.br\/novoportal\/wp-content\/uploads\/2020\/03\/ferias-coletivas-azaleia.jpg 800w\" sizes=\"auto, (max-width: 500px) 100vw, 500px\" \/><\/a><\/p>\n<p><strong><em>Por Davi Ferraz<\/em><\/strong><\/p>\n","protected":false},"excerpt":{"rendered":"<p>Diante das dr\u00e1sticas medidas do governo para combater a propaga\u00e7\u00e3o do Corinav\u00edrus no pa\u00eds, a Ind\u00fastria de Cal\u00e7ados Vulcabr\u00e1s\/Azaleia, sediada em Itapetinga, acaba de emitir nota em que informa a concess\u00e3o de F\u00c9RIAS COLETIVAS para todos os seus colaboradores, que somam mais de 4 mil na f\u00e1brica local. Com a decis\u00e3o, a Azaleia se torna [&hellip;]<\/p>\n","protected":false},"author":2,"featured_media":85572,"comment_status":"open","ping_status":"open","sticky":false,"template":"","format":"standard","meta":{"footnotes":"","_links_to":"","_links_to_target":""},"categories":[1],"tags":[],"class_list":["post-85567","post","type-post","status-publish","format-standard","has-post-thumbnail","hentry","category-geral"],"views":1340,"_links":{"self":[{"href":"https:\/\/www.sudoestehoje.com.br\/novoportal\/wp-json\/wp\/v2\/posts\/85567","targetHints":{"allow":["GET"]}}],"collection":[{"href":"https:\/\/www.sudoestehoje.com.br\/novoportal\/wp-json\/wp\/v2\/posts"}],"about":[{"href":"https:\/\/www.sudoestehoje.com.br\/novoportal\/wp-json\/wp\/v2\/types\/post"}],"author":[{"embeddable":true,"href":"https:\/\/www.sudoestehoje.com.br\/novoportal\/wp-json\/wp\/v2\/users\/2"}],"replies":[{"embeddable":true,"href":"https:\/\/www.sudoestehoje.com.br\/novoportal\/wp-json\/wp\/v2\/comments?post=85567"}],"version-history":[{"count":4,"href":"https:\/\/www.sudoestehoje.com.br\/novoportal\/wp-json\/wp\/v2\/posts\/85567\/revisions"}],"predecessor-version":[{"id":85574,"href":"https:\/\/www.sudoestehoje.com.br\/novoportal\/wp-json\/wp\/v2\/posts\/85567\/revisions\/85574"}],"wp:featuredmedia":[{"embeddable":true,"href":"https:\/\/www.sudoestehoje.com.br\/novoportal\/wp-json\/wp\/v2\/media\/85572"}],"wp:attachment":[{"href":"https:\/\/www.sudoestehoje.com.br\/novoportal\/wp-json\/wp\/v2\/media?parent=85567"}],"wp:term":[{"taxonomy":"category","embeddable":true,"href":"https:\/\/www.sudoestehoje.com.br\/novoportal\/wp-json\/wp\/v2\/categories?post=85567"},{"taxonomy":"post_tag","embeddable":true,"href":"https:\/\/www.sudoestehoje.com.br\/novoportal\/wp-json\/wp\/v2\/tags?post=85567"}],"curies":[{"name":"wp","href":"https:\/\/api.w.org\/{rel}","templated":true}]}}