
{"id":85559,"date":"2020-03-20T13:32:21","date_gmt":"2020-03-20T16:32:21","guid":{"rendered":"https:\/\/www.sudoestehoje.com.br\/novoportal\/?p=85559"},"modified":"2020-03-20T13:32:21","modified_gmt":"2020-03-20T16:32:21","slug":"coronavirus-antonio-brito-articula-nova-linha-de-credito-na-caixa-para-as-santas-casas-de-misericordia","status":"publish","type":"post","link":"https:\/\/www.sudoestehoje.com.br\/novoportal\/2020\/03\/20\/coronavirus-antonio-brito-articula-nova-linha-de-credito-na-caixa-para-as-santas-casas-de-misericordia\/","title":{"rendered":"CORONAV\u00cdRUS: ANT\u00d4NIO BRITO ARTICULA NOVA LINHA DE CR\u00c9DITO NA CAIXA PARA AS SANTAS CASAS DE MISERIC\u00d3RDIA"},"content":{"rendered":"<p><a href=\"https:\/\/www.sudoestehoje.com.br\/novoportal\/wp-content\/uploads\/2020\/03\/BRITO-CAIXA.jpg\"><img loading=\"lazy\" decoding=\"async\" class=\"aligncenter size-medium wp-image-85560\" src=\"https:\/\/www.sudoestehoje.com.br\/novoportal\/wp-content\/uploads\/2020\/03\/BRITO-CAIXA-500x375.jpg\" alt=\"\" width=\"500\" height=\"375\" srcset=\"https:\/\/www.sudoestehoje.com.br\/novoportal\/wp-content\/uploads\/2020\/03\/BRITO-CAIXA-500x375.jpg 500w, https:\/\/www.sudoestehoje.com.br\/novoportal\/wp-content\/uploads\/2020\/03\/BRITO-CAIXA-768x576.jpg 768w, https:\/\/www.sudoestehoje.com.br\/novoportal\/wp-content\/uploads\/2020\/03\/BRITO-CAIXA-700x525.jpg 700w, https:\/\/www.sudoestehoje.com.br\/novoportal\/wp-content\/uploads\/2020\/03\/BRITO-CAIXA.jpg 839w\" sizes=\"auto, (max-width: 500px) 100vw, 500px\" \/><\/a><\/p>\n<p>A Caixa Econ\u00f4mica Federal anunciou hoje que vai disponibilizar R$ 3 bilh\u00f5es em cr\u00e9dito para as Santas Casas e hospitais filantr\u00f3picos que prestam servi\u00e7o ao Sistema \u00danico de Sa\u00fade (SUS), visando contribuir com o combate ao coronav\u00edrus no pa\u00eds.<\/p>\n<p>A decis\u00e3o se deu ap\u00f3s solicita\u00e7\u00e3o da Frente Parlamentar das Santas Casas, presidida pelo deputado federal Antonio Brito (PSD\/BA), e da Confedera\u00e7\u00e3o Nacional das Santas Casas (CMB), presidida por Mirocles Veras, que apresentaram as propostas do setor com uma s\u00e9rie de medidas para preparar as entidades para apoiar no controle e tratamento da doen\u00e7a junto ao Governo Federal, por meio do ministro da Sa\u00fade, Luiz Henrique Mandetta, e ao presidente da CEF, Pedro Guimar\u00e3es, que de imediato viabilizou esta nova linha de cr\u00e9dito.<\/p>\n<p>As opera\u00e7\u00f5es ser\u00e3o ofertadas com juros reduzidos e aumento no prazo de car\u00eancia para quita\u00e7\u00e3o. Com isto, as institui\u00e7\u00f5es buscar\u00e3o reestruturar suas unidades e ampliar leitos, para atender pacientes com o Covid-19.<\/p>\n","protected":false},"excerpt":{"rendered":"<p>A Caixa Econ\u00f4mica Federal anunciou hoje que vai disponibilizar R$ 3 bilh\u00f5es em cr\u00e9dito para as Santas Casas e hospitais filantr\u00f3picos que prestam servi\u00e7o ao Sistema \u00danico de Sa\u00fade (SUS), visando contribuir com o combate ao coronav\u00edrus no pa\u00eds. A decis\u00e3o se deu ap\u00f3s solicita\u00e7\u00e3o da Frente Parlamentar das Santas Casas, presidida pelo deputado federal [&hellip;]<\/p>\n","protected":false},"author":2,"featured_media":85560,"comment_status":"open","ping_status":"open","sticky":false,"template":"","format":"standard","meta":{"footnotes":"","_links_to":"","_links_to_target":""},"categories":[1],"tags":[],"class_list":["post-85559","post","type-post","status-publish","format-standard","has-post-thumbnail","hentry","category-geral"],"views":673,"_links":{"self":[{"href":"https:\/\/www.sudoestehoje.com.br\/novoportal\/wp-json\/wp\/v2\/posts\/85559","targetHints":{"allow":["GET"]}}],"collection":[{"href":"https:\/\/www.sudoestehoje.com.br\/novoportal\/wp-json\/wp\/v2\/posts"}],"about":[{"href":"https:\/\/www.sudoestehoje.com.br\/novoportal\/wp-json\/wp\/v2\/types\/post"}],"author":[{"embeddable":true,"href":"https:\/\/www.sudoestehoje.com.br\/novoportal\/wp-json\/wp\/v2\/users\/2"}],"replies":[{"embeddable":true,"href":"https:\/\/www.sudoestehoje.com.br\/novoportal\/wp-json\/wp\/v2\/comments?post=85559"}],"version-history":[{"count":6,"href":"https:\/\/www.sudoestehoje.com.br\/novoportal\/wp-json\/wp\/v2\/posts\/85559\/revisions"}],"predecessor-version":[{"id":85566,"href":"https:\/\/www.sudoestehoje.com.br\/novoportal\/wp-json\/wp\/v2\/posts\/85559\/revisions\/85566"}],"wp:featuredmedia":[{"embeddable":true,"href":"https:\/\/www.sudoestehoje.com.br\/novoportal\/wp-json\/wp\/v2\/media\/85560"}],"wp:attachment":[{"href":"https:\/\/www.sudoestehoje.com.br\/novoportal\/wp-json\/wp\/v2\/media?parent=85559"}],"wp:term":[{"taxonomy":"category","embeddable":true,"href":"https:\/\/www.sudoestehoje.com.br\/novoportal\/wp-json\/wp\/v2\/categories?post=85559"},{"taxonomy":"post_tag","embeddable":true,"href":"https:\/\/www.sudoestehoje.com.br\/novoportal\/wp-json\/wp\/v2\/tags?post=85559"}],"curies":[{"name":"wp","href":"https:\/\/api.w.org\/{rel}","templated":true}]}}