
{"id":8555,"date":"2011-09-12T00:01:29","date_gmt":"2011-09-12T03:01:29","guid":{"rendered":"http:\/\/www.sudoestehoje.com.br\/novoportal\/?p=8555"},"modified":"2011-09-12T00:50:32","modified_gmt":"2011-09-12T03:50:32","slug":"morte-e-medo-no-paraiso","status":"publish","type":"post","link":"https:\/\/www.sudoestehoje.com.br\/novoportal\/2011\/09\/12\/morte-e-medo-no-paraiso\/","title":{"rendered":"MORTE E MEDO NO PARA\u00cdSO"},"content":{"rendered":"<p style=\"text-align: center;\"><img decoding=\"async\" class=\"aligncenter\" src=\"http:\/\/intravelturismo.files.wordpress.com\/2009\/08\/costa-do-sauipe-golf-spa.jpg\" alt=\"\" width=\"400\" \/><\/p>\n<p style=\"text-align: center;\"><em><strong>Costa do Sau\u00edpe sob o ataque da meningite C<\/strong><\/em><\/p>\n<p>A Secretaria da Sa\u00fade do Estado da Bahia (Sesab)\u00a0<a href=\"http:\/\/www.bahianoticias.com.br\/noticias\/noticia\/2011\/09\/11\/102537,sauipe-sesab-confirma-3-mortes-por-meningite-c.html\" target=\"_blank\">confirmou oficialmente<\/a>, na tarde deste domingo (11), a ocorr\u00eancia de sete casos de meningite meningoc\u00f3cica do tipo C, no munic\u00edpio de Mata de S\u00e3o Jo\u00e3o, no litoral norte baiano. Segundo nota emitida pela pasta, tr\u00eas casos evolu\u00edram para \u00f3bito, sendo dois do sexo masculino e outra do feminino.<\/p>\n<p>A Sesab tamb\u00e9m informa que todos os casos foram registrados em funcion\u00e1rios do complexo hoteleiro de Costa do Sau\u00edpe e que nenhuma ocorr\u00eancia foi registrada entre os h\u00f3spedes dos hot\u00e9is e outros moradores da regi\u00e3o. A partir do conhecimento do primeiro caso, no \u00faltimo domingo (4), a Sesab, juntamente com as secretarias municipais de Sa\u00fade de Cama\u00e7ari, Mata de S\u00e3o Jo\u00e3o e Entre Rios iniciaram a quimioprofilaxia para todas as pessoas que tiveram contato direto com os trabalhadores que apresentaram os sintomas da doen\u00e7a, tanto no ambiente de trabalho como no domiciliar.<\/p>\n<p>Cerca de 1,8 mil pessoas receberam a medica\u00e7\u00e3o e nenhum novo caso ocorreu nas \u00faltimas 24h. Como medida complementar, a administra\u00e7\u00e3o do Complexo de Sau\u00edpe est\u00e1 programando para os pr\u00f3ximos dias a vacina\u00e7\u00e3o de todos os funcion\u00e1rios. BN<\/p>\n","protected":false},"excerpt":{"rendered":"<p>Costa do Sau\u00edpe sob o ataque da meningite C A Secretaria da Sa\u00fade do Estado da Bahia (Sesab)\u00a0confirmou oficialmente, na tarde deste domingo (11), a ocorr\u00eancia de sete casos de meningite meningoc\u00f3cica do tipo C, no munic\u00edpio de Mata de S\u00e3o Jo\u00e3o, no litoral norte baiano. Segundo nota emitida pela pasta, tr\u00eas casos evolu\u00edram para [&hellip;]<\/p>\n","protected":false},"author":2,"featured_media":0,"comment_status":"open","ping_status":"open","sticky":false,"template":"","format":"standard","meta":{"footnotes":"","_links_to":"","_links_to_target":""},"categories":[1],"tags":[],"class_list":["post-8555","post","type-post","status-publish","format-standard","hentry","category-geral"],"views":1780,"_links":{"self":[{"href":"https:\/\/www.sudoestehoje.com.br\/novoportal\/wp-json\/wp\/v2\/posts\/8555","targetHints":{"allow":["GET"]}}],"collection":[{"href":"https:\/\/www.sudoestehoje.com.br\/novoportal\/wp-json\/wp\/v2\/posts"}],"about":[{"href":"https:\/\/www.sudoestehoje.com.br\/novoportal\/wp-json\/wp\/v2\/types\/post"}],"author":[{"embeddable":true,"href":"https:\/\/www.sudoestehoje.com.br\/novoportal\/wp-json\/wp\/v2\/users\/2"}],"replies":[{"embeddable":true,"href":"https:\/\/www.sudoestehoje.com.br\/novoportal\/wp-json\/wp\/v2\/comments?post=8555"}],"version-history":[{"count":5,"href":"https:\/\/www.sudoestehoje.com.br\/novoportal\/wp-json\/wp\/v2\/posts\/8555\/revisions"}],"predecessor-version":[{"id":8579,"href":"https:\/\/www.sudoestehoje.com.br\/novoportal\/wp-json\/wp\/v2\/posts\/8555\/revisions\/8579"}],"wp:attachment":[{"href":"https:\/\/www.sudoestehoje.com.br\/novoportal\/wp-json\/wp\/v2\/media?parent=8555"}],"wp:term":[{"taxonomy":"category","embeddable":true,"href":"https:\/\/www.sudoestehoje.com.br\/novoportal\/wp-json\/wp\/v2\/categories?post=8555"},{"taxonomy":"post_tag","embeddable":true,"href":"https:\/\/www.sudoestehoje.com.br\/novoportal\/wp-json\/wp\/v2\/tags?post=8555"}],"curies":[{"name":"wp","href":"https:\/\/api.w.org\/{rel}","templated":true}]}}