
{"id":85546,"date":"2020-03-19T21:34:32","date_gmt":"2020-03-20T00:34:32","guid":{"rendered":"https:\/\/www.sudoestehoje.com.br\/novoportal\/?p=85546"},"modified":"2020-03-19T21:34:32","modified_gmt":"2020-03-20T00:34:32","slug":"eleicoes-secretario-juscelino-gomes-se-filia-ao-psc-para-disputar-vaga-na-camara","status":"publish","type":"post","link":"https:\/\/www.sudoestehoje.com.br\/novoportal\/2020\/03\/19\/eleicoes-secretario-juscelino-gomes-se-filia-ao-psc-para-disputar-vaga-na-camara\/","title":{"rendered":"ELEI\u00c7\u00d5ES: SECRET\u00c1RIO JUSCELINO GOMES SE FILIA AO PSC PARA DISPUTAR VAGA NA C\u00c2MARA"},"content":{"rendered":"<p><a href=\"https:\/\/www.sudoestehoje.com.br\/novoportal\/wp-content\/uploads\/2020\/03\/JUSCELINO-PSC.jpg\"><img loading=\"lazy\" decoding=\"async\" class=\"aligncenter size-medium wp-image-85548\" src=\"https:\/\/www.sudoestehoje.com.br\/novoportal\/wp-content\/uploads\/2020\/03\/JUSCELINO-PSC-500x351.jpg\" alt=\"\" width=\"500\" height=\"351\" srcset=\"https:\/\/www.sudoestehoje.com.br\/novoportal\/wp-content\/uploads\/2020\/03\/JUSCELINO-PSC-500x351.jpg 500w, https:\/\/www.sudoestehoje.com.br\/novoportal\/wp-content\/uploads\/2020\/03\/JUSCELINO-PSC.jpg 535w\" sizes=\"auto, (max-width: 500px) 100vw, 500px\" \/><\/a><\/p>\n<p>Pr\u00f3ximo ao t\u00e9rmino das defini\u00e7\u00f5es partid\u00e1rias para a elei\u00e7\u00e3o proporcional em Itapetinga, a movimenta\u00e7\u00e3o foi grande. Juscelino Gomes, atual secret\u00e1rio de desenvolvimento econ\u00f4mico, que iniciou sua vida pol\u00edtica no antigo PFL, atual DEM, sendo vereador eleito por duas vezes e ficado na primeira supl\u00eancia por outras duas elei\u00e7\u00f5es, das quatro de disputou, n\u00e3o ficou fora dessa dan\u00e7a das cadeiras.<\/p>\n<p>Nesta quinta (19), Juscelino filiou-se ao PSC, partido comandado por Geraldo Trindade, junto com outros nomes como a vereadora Naara e o vereador Alberto.<\/p>\n<p>Questionado sobre a mudan\u00e7a, Juscelino respondeu:<em> \u201cAp\u00f3s uma profunda an\u00e1lise das condi\u00e7\u00f5es pol\u00edticas em Itapetinga, acreditamos ser o PSC o partido que nos dar\u00e1 melhores condi\u00e7\u00f5es para a elei\u00e7\u00e3o que se aproxima. Sou do tempo do PFL e sempre fui fiel aos meus pares, a quem sou grato, inclusive, mas chegou a hora de mudar de partido e agrade\u00e7o ao presidente Geraldo pela confian\u00e7a em n\u00f3s depositada. Quanto \u00e0 rela\u00e7\u00e3o com o prefeito Rodrigo, por serem ambos partidos componentes da base de apoio \u00e0 ele, n\u00e3o h\u00e1 nenhuma mudan\u00e7a&#8221;<\/em>, explicou o secret\u00e1rio.<\/p>\n<p><em>\u201cRodrigo continua sendo nossa lideran\u00e7a, nosso timoneiro\u201d<\/em>, concluiu Juscelino.<\/p>\n<p><strong><em>Reda\u00e7\u00e3o SH<\/em><\/strong><\/p>\n","protected":false},"excerpt":{"rendered":"<p>Pr\u00f3ximo ao t\u00e9rmino das defini\u00e7\u00f5es partid\u00e1rias para a elei\u00e7\u00e3o proporcional em Itapetinga, a movimenta\u00e7\u00e3o foi grande. Juscelino Gomes, atual secret\u00e1rio de desenvolvimento econ\u00f4mico, que iniciou sua vida pol\u00edtica no antigo PFL, atual DEM, sendo vereador eleito por duas vezes e ficado na primeira supl\u00eancia por outras duas elei\u00e7\u00f5es, das quatro de disputou, n\u00e3o ficou fora [&hellip;]<\/p>\n","protected":false},"author":2,"featured_media":85548,"comment_status":"open","ping_status":"open","sticky":false,"template":"","format":"standard","meta":{"footnotes":"","_links_to":"","_links_to_target":""},"categories":[1],"tags":[],"class_list":["post-85546","post","type-post","status-publish","format-standard","has-post-thumbnail","hentry","category-geral"],"views":709,"_links":{"self":[{"href":"https:\/\/www.sudoestehoje.com.br\/novoportal\/wp-json\/wp\/v2\/posts\/85546","targetHints":{"allow":["GET"]}}],"collection":[{"href":"https:\/\/www.sudoestehoje.com.br\/novoportal\/wp-json\/wp\/v2\/posts"}],"about":[{"href":"https:\/\/www.sudoestehoje.com.br\/novoportal\/wp-json\/wp\/v2\/types\/post"}],"author":[{"embeddable":true,"href":"https:\/\/www.sudoestehoje.com.br\/novoportal\/wp-json\/wp\/v2\/users\/2"}],"replies":[{"embeddable":true,"href":"https:\/\/www.sudoestehoje.com.br\/novoportal\/wp-json\/wp\/v2\/comments?post=85546"}],"version-history":[{"count":2,"href":"https:\/\/www.sudoestehoje.com.br\/novoportal\/wp-json\/wp\/v2\/posts\/85546\/revisions"}],"predecessor-version":[{"id":85549,"href":"https:\/\/www.sudoestehoje.com.br\/novoportal\/wp-json\/wp\/v2\/posts\/85546\/revisions\/85549"}],"wp:featuredmedia":[{"embeddable":true,"href":"https:\/\/www.sudoestehoje.com.br\/novoportal\/wp-json\/wp\/v2\/media\/85548"}],"wp:attachment":[{"href":"https:\/\/www.sudoestehoje.com.br\/novoportal\/wp-json\/wp\/v2\/media?parent=85546"}],"wp:term":[{"taxonomy":"category","embeddable":true,"href":"https:\/\/www.sudoestehoje.com.br\/novoportal\/wp-json\/wp\/v2\/categories?post=85546"},{"taxonomy":"post_tag","embeddable":true,"href":"https:\/\/www.sudoestehoje.com.br\/novoportal\/wp-json\/wp\/v2\/tags?post=85546"}],"curies":[{"name":"wp","href":"https:\/\/api.w.org\/{rel}","templated":true}]}}