
{"id":85530,"date":"2020-03-19T00:19:26","date_gmt":"2020-03-19T03:19:26","guid":{"rendered":"https:\/\/www.sudoestehoje.com.br\/novoportal\/?p=85530"},"modified":"2020-03-19T00:19:26","modified_gmt":"2020-03-19T03:19:26","slug":"prefeitura-de-caatiba-cancela-festa-de-aniversario-do-municipio","status":"publish","type":"post","link":"https:\/\/www.sudoestehoje.com.br\/novoportal\/2020\/03\/19\/prefeitura-de-caatiba-cancela-festa-de-aniversario-do-municipio\/","title":{"rendered":"PREFEITURA DE CAATIBA CANCELA FESTA DE ANIVERS\u00c1RIO DO MUNIC\u00cdPIO"},"content":{"rendered":"<p><a href=\"https:\/\/www.sudoestehoje.com.br\/novoportal\/wp-content\/uploads\/2020\/03\/festa-caatiba.jpg\"><img loading=\"lazy\" decoding=\"async\" class=\"aligncenter size-medium wp-image-85531\" src=\"https:\/\/www.sudoestehoje.com.br\/novoportal\/wp-content\/uploads\/2020\/03\/festa-caatiba-498x700.jpg\" alt=\"\" width=\"498\" height=\"700\" srcset=\"https:\/\/www.sudoestehoje.com.br\/novoportal\/wp-content\/uploads\/2020\/03\/festa-caatiba-498x700.jpg 498w, https:\/\/www.sudoestehoje.com.br\/novoportal\/wp-content\/uploads\/2020\/03\/festa-caatiba-640x900.jpg 640w, https:\/\/www.sudoestehoje.com.br\/novoportal\/wp-content\/uploads\/2020\/03\/festa-caatiba.jpg 683w\" sizes=\"auto, (max-width: 498px) 100vw, 498px\" \/><\/a><\/p>\n<p>Cumprindo recomenda\u00e7\u00f5es do Minist\u00e9rio da Sa\u00fade, o munic\u00edpio de Caatiba acatar\u00e1 as medidas preventivas contra a prolifera\u00e7\u00e3o do Coronav\u00edrus ( COVID-19).<\/p>\n<p>Com isso as programa\u00e7\u00f5es previstas para o m\u00eas de abril em comemora\u00e7\u00e3o ao anivers\u00e1rio da Cidade foram canceladas.<\/p>\n<p>O munic\u00edpio seguir\u00e1 rigorosamente todas as orienta\u00e7\u00f5es para evitar condi\u00e7\u00f5es que propiciem a transmiss\u00e3o da doen\u00e7a que vem preocupando o mundo.<\/p>\n","protected":false},"excerpt":{"rendered":"<p>Cumprindo recomenda\u00e7\u00f5es do Minist\u00e9rio da Sa\u00fade, o munic\u00edpio de Caatiba acatar\u00e1 as medidas preventivas contra a prolifera\u00e7\u00e3o do Coronav\u00edrus ( COVID-19). Com isso as programa\u00e7\u00f5es previstas para o m\u00eas de abril em comemora\u00e7\u00e3o ao anivers\u00e1rio da Cidade foram canceladas. O munic\u00edpio seguir\u00e1 rigorosamente todas as orienta\u00e7\u00f5es para evitar condi\u00e7\u00f5es que propiciem a transmiss\u00e3o da doen\u00e7a [&hellip;]<\/p>\n","protected":false},"author":2,"featured_media":85531,"comment_status":"open","ping_status":"open","sticky":false,"template":"","format":"standard","meta":{"footnotes":"","_links_to":"","_links_to_target":""},"categories":[1],"tags":[],"class_list":["post-85530","post","type-post","status-publish","format-standard","has-post-thumbnail","hentry","category-geral"],"views":1054,"_links":{"self":[{"href":"https:\/\/www.sudoestehoje.com.br\/novoportal\/wp-json\/wp\/v2\/posts\/85530","targetHints":{"allow":["GET"]}}],"collection":[{"href":"https:\/\/www.sudoestehoje.com.br\/novoportal\/wp-json\/wp\/v2\/posts"}],"about":[{"href":"https:\/\/www.sudoestehoje.com.br\/novoportal\/wp-json\/wp\/v2\/types\/post"}],"author":[{"embeddable":true,"href":"https:\/\/www.sudoestehoje.com.br\/novoportal\/wp-json\/wp\/v2\/users\/2"}],"replies":[{"embeddable":true,"href":"https:\/\/www.sudoestehoje.com.br\/novoportal\/wp-json\/wp\/v2\/comments?post=85530"}],"version-history":[{"count":1,"href":"https:\/\/www.sudoestehoje.com.br\/novoportal\/wp-json\/wp\/v2\/posts\/85530\/revisions"}],"predecessor-version":[{"id":85532,"href":"https:\/\/www.sudoestehoje.com.br\/novoportal\/wp-json\/wp\/v2\/posts\/85530\/revisions\/85532"}],"wp:featuredmedia":[{"embeddable":true,"href":"https:\/\/www.sudoestehoje.com.br\/novoportal\/wp-json\/wp\/v2\/media\/85531"}],"wp:attachment":[{"href":"https:\/\/www.sudoestehoje.com.br\/novoportal\/wp-json\/wp\/v2\/media?parent=85530"}],"wp:term":[{"taxonomy":"category","embeddable":true,"href":"https:\/\/www.sudoestehoje.com.br\/novoportal\/wp-json\/wp\/v2\/categories?post=85530"},{"taxonomy":"post_tag","embeddable":true,"href":"https:\/\/www.sudoestehoje.com.br\/novoportal\/wp-json\/wp\/v2\/tags?post=85530"}],"curies":[{"name":"wp","href":"https:\/\/api.w.org\/{rel}","templated":true}]}}