
{"id":85526,"date":"2020-03-18T23:36:23","date_gmt":"2020-03-19T02:36:23","guid":{"rendered":"https:\/\/www.sudoestehoje.com.br\/novoportal\/?p=85526"},"modified":"2020-03-18T23:39:08","modified_gmt":"2020-03-19T02:39:08","slug":"rui-costa-diz-que-vai-fechar-rodoviaria-e-aeroporto-de-salvador","status":"publish","type":"post","link":"https:\/\/www.sudoestehoje.com.br\/novoportal\/2020\/03\/18\/rui-costa-diz-que-vai-fechar-rodoviaria-e-aeroporto-de-salvador\/","title":{"rendered":"RUI COSTA DIZ QUE VAI FECHAR RODOVI\u00c1RIA E AEROPORTO DE SALVADOR"},"content":{"rendered":"<p><a href=\"https:\/\/www.sudoestehoje.com.br\/novoportal\/wp-content\/uploads\/2020\/03\/RODOV.jpg\"><img loading=\"lazy\" decoding=\"async\" class=\"aligncenter size-medium wp-image-85528\" src=\"https:\/\/www.sudoestehoje.com.br\/novoportal\/wp-content\/uploads\/2020\/03\/RODOV-500x311.jpg\" alt=\"\" width=\"500\" height=\"311\" srcset=\"https:\/\/www.sudoestehoje.com.br\/novoportal\/wp-content\/uploads\/2020\/03\/RODOV-500x311.jpg 500w, https:\/\/www.sudoestehoje.com.br\/novoportal\/wp-content\/uploads\/2020\/03\/RODOV-768x478.jpg 768w, https:\/\/www.sudoestehoje.com.br\/novoportal\/wp-content\/uploads\/2020\/03\/RODOV-700x436.jpg 700w, https:\/\/www.sudoestehoje.com.br\/novoportal\/wp-content\/uploads\/2020\/03\/RODOV.jpg 940w\" sizes=\"auto, (max-width: 500px) 100vw, 500px\" \/><\/a><\/p>\n<p>Em entrevista, na Record TV Itapoan, na tarde desta quarta-feira (18), o governador Rui Costa (PT) anunciou que deve fechar, nos pr\u00f3ximos dias, o aeroporto e a rodovi\u00e1ria de Salvador para adotar as medidas de isolamento e enfrentar a propaga\u00e7\u00e3o do coronav\u00edrus.<\/p>\n<p>O gestor do estado j\u00e1 solicitou \u00e0 Ag\u00eancia Nacional de Avia\u00e7\u00e3o Civil (Anac) a suspens\u00e3o imediata dos voos saindo e chegando de todos os aeroportos da Bahia para os estados de S\u00e3o Paulo e Rio de Janeiro, locais que j\u00e1 t\u00eam transmiss\u00e3o comunit\u00e1ria do Coronav\u00edrus.<\/p>\n<p>Ainda nesta quarta-feira (18), Rui assinar\u00e1 decretos que restringem a circula\u00e7\u00e3o de \u00f4nibus intermunicipais de Salvador, Feira de Santana, Porto Seguro e Prado. Nos quatro munic\u00edpios h\u00e1 casos confirmados de coronav\u00edrus.<\/p>\n","protected":false},"excerpt":{"rendered":"<p>Em entrevista, na Record TV Itapoan, na tarde desta quarta-feira (18), o governador Rui Costa (PT) anunciou que deve fechar, nos pr\u00f3ximos dias, o aeroporto e a rodovi\u00e1ria de Salvador para adotar as medidas de isolamento e enfrentar a propaga\u00e7\u00e3o do coronav\u00edrus. O gestor do estado j\u00e1 solicitou \u00e0 Ag\u00eancia Nacional de Avia\u00e7\u00e3o Civil (Anac) [&hellip;]<\/p>\n","protected":false},"author":2,"featured_media":85528,"comment_status":"open","ping_status":"open","sticky":false,"template":"","format":"standard","meta":{"footnotes":"","_links_to":"","_links_to_target":""},"categories":[1],"tags":[],"class_list":["post-85526","post","type-post","status-publish","format-standard","has-post-thumbnail","hentry","category-geral"],"views":729,"_links":{"self":[{"href":"https:\/\/www.sudoestehoje.com.br\/novoportal\/wp-json\/wp\/v2\/posts\/85526","targetHints":{"allow":["GET"]}}],"collection":[{"href":"https:\/\/www.sudoestehoje.com.br\/novoportal\/wp-json\/wp\/v2\/posts"}],"about":[{"href":"https:\/\/www.sudoestehoje.com.br\/novoportal\/wp-json\/wp\/v2\/types\/post"}],"author":[{"embeddable":true,"href":"https:\/\/www.sudoestehoje.com.br\/novoportal\/wp-json\/wp\/v2\/users\/2"}],"replies":[{"embeddable":true,"href":"https:\/\/www.sudoestehoje.com.br\/novoportal\/wp-json\/wp\/v2\/comments?post=85526"}],"version-history":[{"count":2,"href":"https:\/\/www.sudoestehoje.com.br\/novoportal\/wp-json\/wp\/v2\/posts\/85526\/revisions"}],"predecessor-version":[{"id":85529,"href":"https:\/\/www.sudoestehoje.com.br\/novoportal\/wp-json\/wp\/v2\/posts\/85526\/revisions\/85529"}],"wp:featuredmedia":[{"embeddable":true,"href":"https:\/\/www.sudoestehoje.com.br\/novoportal\/wp-json\/wp\/v2\/media\/85528"}],"wp:attachment":[{"href":"https:\/\/www.sudoestehoje.com.br\/novoportal\/wp-json\/wp\/v2\/media?parent=85526"}],"wp:term":[{"taxonomy":"category","embeddable":true,"href":"https:\/\/www.sudoestehoje.com.br\/novoportal\/wp-json\/wp\/v2\/categories?post=85526"},{"taxonomy":"post_tag","embeddable":true,"href":"https:\/\/www.sudoestehoje.com.br\/novoportal\/wp-json\/wp\/v2\/tags?post=85526"}],"curies":[{"name":"wp","href":"https:\/\/api.w.org\/{rel}","templated":true}]}}