
{"id":85521,"date":"2020-03-18T22:36:10","date_gmt":"2020-03-19T01:36:10","guid":{"rendered":"https:\/\/www.sudoestehoje.com.br\/novoportal\/?p=85521"},"modified":"2020-03-18T22:36:10","modified_gmt":"2020-03-19T01:36:10","slug":"bahia-tem-primeiro-sao-joao-cancelado","status":"publish","type":"post","link":"https:\/\/www.sudoestehoje.com.br\/novoportal\/2020\/03\/18\/bahia-tem-primeiro-sao-joao-cancelado\/","title":{"rendered":"BAHIA TEM PRIMEIRO S\u00c3O JO\u00c3O CANCELADO"},"content":{"rendered":"<p><a href=\"https:\/\/www.sudoestehoje.com.br\/novoportal\/wp-content\/uploads\/2020\/03\/sj.jpg\"><img loading=\"lazy\" decoding=\"async\" class=\"aligncenter size-medium wp-image-85523\" src=\"https:\/\/www.sudoestehoje.com.br\/novoportal\/wp-content\/uploads\/2020\/03\/sj-500x260.jpg\" alt=\"\" width=\"500\" height=\"260\" srcset=\"https:\/\/www.sudoestehoje.com.br\/novoportal\/wp-content\/uploads\/2020\/03\/sj-500x260.jpg 500w, https:\/\/www.sudoestehoje.com.br\/novoportal\/wp-content\/uploads\/2020\/03\/sj.jpg 540w\" sizes=\"auto, (max-width: 500px) 100vw, 500px\" \/><\/a><\/p>\n<p>A Bahia j\u00e1 teve o seu\u00a0primeiro S\u00e3o Jo\u00e3o cancelado por causa do coronav\u00edrus. Trata-se do munic\u00edpio de Concei\u00e7\u00e3o do Almeida, no Rec\u00f4ncavo da Bahia, que achou mais prudente n\u00e3o realizar a festa. A informa\u00e7\u00e3o foi divulgada nesta quarta-feira (18) pela prefeitura\u00a0local, que j\u00e1 havia suspendido as aulas por 15 dias,\u00a0com previs\u00e3o de prorroga\u00e7\u00e3o.<\/p>\n<p class=\"bodytext\">Em entrevista a uma r\u00e1dio local, o prefeito Adailton Campos Sobral (PSD) disse que a gest\u00e3o municipal optou pelo\u00a0cancelamento porque &#8220;haver\u00e1 queda de receitas do Fundo de Participa\u00e7\u00e3o dos Munic\u00edpios (FPM) por parte do Governo Federal&#8221;.<\/p>\n<p class=\"bodytext\">\u201cSe o pa\u00eds parou de produzir, automaticamente a receita cai. N\u00f3s vivemos de FPM e ele deve cair de 40% a 50%. Hoje j\u00e1 trabalhamos no limite. \u00c9 uma decis\u00e3o que n\u00e3o \u00e9 f\u00e1cil, de dois dias pra c\u00e1 tenho sofrido muito por conta disso\u201d, declarou o gestor, que \u201cacha dif\u00edcil alguma cidade da regi\u00e3o conseguir fazer o S\u00e3o Jo\u00e3o com essa crise\u201d. (Correio)<\/p>\n<p><strong>ITAPETINGA, IBICU\u00cd E ITOROR\u00d3<\/strong><\/p>\n<p>Tradicionalmente, os munic\u00edpios de<strong> Itapetinga, Ibicu\u00ed e Itoror\u00f3<\/strong> realizam as maiores festas de S\u00e3o Jo\u00e3o do M\u00e9dio Sudoeste, com destaque para Ibicu\u00ed, que al\u00e9m da festa patrocinada pela prefeitura, realiza dois dos maiores eventos juninos da Bahia, <em><strong>Brega Light e Tico Mia.<\/strong><\/em><\/p>\n<p>A prepara\u00e7\u00e3o desses grandes eventos demanda tempo e as contrata\u00e7\u00f5es das bandas e artistas e equipamentos precisam ser feitas com muita anteced\u00eancia,<\/p>\n<p>O momento \u00e9 de cautela e tudo leva a crer que nenhum munic\u00edpio vai correr o risco de contratar atra\u00e7\u00f5es neste momento, podendo incorrer em pesadas multas rescis\u00f3rias, nos prov\u00e1veis cancelamentos.<\/p>\n<p>Prefeitos e promotores desses eventos na regi\u00e3o ainda n\u00e3o se pronunciaram.<\/p>\n<p><strong><em>Reda\u00e7\u00e3o SH<\/em><\/strong><\/p>\n","protected":false},"excerpt":{"rendered":"<p>A Bahia j\u00e1 teve o seu\u00a0primeiro S\u00e3o Jo\u00e3o cancelado por causa do coronav\u00edrus. Trata-se do munic\u00edpio de Concei\u00e7\u00e3o do Almeida, no Rec\u00f4ncavo da Bahia, que achou mais prudente n\u00e3o realizar a festa. A informa\u00e7\u00e3o foi divulgada nesta quarta-feira (18) pela prefeitura\u00a0local, que j\u00e1 havia suspendido as aulas por 15 dias,\u00a0com previs\u00e3o de prorroga\u00e7\u00e3o. Em entrevista [&hellip;]<\/p>\n","protected":false},"author":2,"featured_media":85523,"comment_status":"open","ping_status":"open","sticky":false,"template":"","format":"standard","meta":{"footnotes":"","_links_to":"","_links_to_target":""},"categories":[1],"tags":[],"class_list":["post-85521","post","type-post","status-publish","format-standard","has-post-thumbnail","hentry","category-geral"],"views":1444,"_links":{"self":[{"href":"https:\/\/www.sudoestehoje.com.br\/novoportal\/wp-json\/wp\/v2\/posts\/85521","targetHints":{"allow":["GET"]}}],"collection":[{"href":"https:\/\/www.sudoestehoje.com.br\/novoportal\/wp-json\/wp\/v2\/posts"}],"about":[{"href":"https:\/\/www.sudoestehoje.com.br\/novoportal\/wp-json\/wp\/v2\/types\/post"}],"author":[{"embeddable":true,"href":"https:\/\/www.sudoestehoje.com.br\/novoportal\/wp-json\/wp\/v2\/users\/2"}],"replies":[{"embeddable":true,"href":"https:\/\/www.sudoestehoje.com.br\/novoportal\/wp-json\/wp\/v2\/comments?post=85521"}],"version-history":[{"count":3,"href":"https:\/\/www.sudoestehoje.com.br\/novoportal\/wp-json\/wp\/v2\/posts\/85521\/revisions"}],"predecessor-version":[{"id":85525,"href":"https:\/\/www.sudoestehoje.com.br\/novoportal\/wp-json\/wp\/v2\/posts\/85521\/revisions\/85525"}],"wp:featuredmedia":[{"embeddable":true,"href":"https:\/\/www.sudoestehoje.com.br\/novoportal\/wp-json\/wp\/v2\/media\/85523"}],"wp:attachment":[{"href":"https:\/\/www.sudoestehoje.com.br\/novoportal\/wp-json\/wp\/v2\/media?parent=85521"}],"wp:term":[{"taxonomy":"category","embeddable":true,"href":"https:\/\/www.sudoestehoje.com.br\/novoportal\/wp-json\/wp\/v2\/categories?post=85521"},{"taxonomy":"post_tag","embeddable":true,"href":"https:\/\/www.sudoestehoje.com.br\/novoportal\/wp-json\/wp\/v2\/tags?post=85521"}],"curies":[{"name":"wp","href":"https:\/\/api.w.org\/{rel}","templated":true}]}}