
{"id":85513,"date":"2020-03-18T20:21:36","date_gmt":"2020-03-18T23:21:36","guid":{"rendered":"https:\/\/www.sudoestehoje.com.br\/novoportal\/?p=85513"},"modified":"2020-03-18T20:23:03","modified_gmt":"2020-03-18T23:23:03","slug":"covid-19-camara-aprova-decreto-que-reconhece-estado-de-calamidade-publica","status":"publish","type":"post","link":"https:\/\/www.sudoestehoje.com.br\/novoportal\/2020\/03\/18\/covid-19-camara-aprova-decreto-que-reconhece-estado-de-calamidade-publica\/","title":{"rendered":"COVID-19: C\u00c2MARA APROVA DECRETO QUE RECONHECE &#8216;ESTADO DE CALAMIDADE P\u00daBLICA&#8217;"},"content":{"rendered":"<div class=\"mc-column content-text active-extra-styles \" data-block-type=\"unstyled\" data-block-weight=\"27\" data-block-id=\"2\">\n<p data-track-category=\"Link no Texto\" data-track-links=\"\"><a href=\"https:\/\/www.sudoestehoje.com.br\/novoportal\/wp-content\/uploads\/2020\/03\/plenario-camara.jpg\"><img loading=\"lazy\" decoding=\"async\" class=\"aligncenter size-medium wp-image-85516\" src=\"https:\/\/www.sudoestehoje.com.br\/novoportal\/wp-content\/uploads\/2020\/03\/plenario-camara-500x330.jpg\" alt=\"\" width=\"500\" height=\"330\" srcset=\"https:\/\/www.sudoestehoje.com.br\/novoportal\/wp-content\/uploads\/2020\/03\/plenario-camara-500x330.jpg 500w, https:\/\/www.sudoestehoje.com.br\/novoportal\/wp-content\/uploads\/2020\/03\/plenario-camara.jpg 640w\" sizes=\"auto, (max-width: 500px) 100vw, 500px\" \/><\/a><\/p>\n<p class=\"content-text__container \" data-track-category=\"Link no Texto\" data-track-links=\"\">A\u00a0<a href=\"https:\/\/g1.globo.com\/tudo-sobre\/camara-dos-deputados\/\">C\u00e2mara dos Deputados<\/a>\u00a0aprovou nesta quarta-feira (18) o projeto do governo que decreta estado de\u00a0<a href=\"https:\/\/g1.globo.com\/politica\/noticia\/2020\/03\/18\/bolsonaro-oficializa-envio-ao-congresso-de-pedido-para-reconhecer-estado-de-calamidade-publica.ghtml\">calamidade p\u00fablica<\/a>\u00a0no Brasil em raz\u00e3o da\u00a0<a href=\"https:\/\/g1.globo.com\/bemestar\/coronavirus\/noticia\/2020\/03\/11\/oms-declara-pandemia-de-coronavirus.ghtml\">pandemia do novo coronav\u00edrus<\/a>.<\/p>\n<\/div>\n<div class=\"wall protected-content\">\n<div class=\"mc-column content-text active-extra-styles \" data-block-type=\"unstyled\" data-block-weight=\"34\" data-block-id=\"3\">\n<p class=\"content-text__container \" data-track-category=\"Link no Texto\" data-track-links=\"\">Com a aprova\u00e7\u00e3o, o texto segue para vota\u00e7\u00e3o do\u00a0<a href=\"https:\/\/g1.globo.com\/tudo-sobre\/senado-federal\/\">Senado<\/a>. A an\u00e1lise do tema, contudo, ainda n\u00e3o foi marcada, mas o mais prov\u00e1vel \u00e9 que seja remota, sem a presen\u00e7a dos senadores em plen\u00e1rio.<\/p>\n<\/div>\n<div class=\"mc-column content-text active-extra-styles \" data-block-type=\"unstyled\" data-block-weight=\"22\" data-block-id=\"4\">\n<p class=\"content-text__container \" data-track-category=\"Link no Texto\" data-track-links=\"\">S\u00f3 depois de aprovado nas duas casas legislativas \u00e9 que o decreto, com vig\u00eancia at\u00e9 o fim do ano, estar\u00e1 em vigor.<\/p>\n<\/div>\n<div class=\"mc-column content-text active-extra-styles \" data-block-type=\"unstyled\" data-block-weight=\"25\" data-block-id=\"5\">\n<p class=\"content-text__container \" data-track-category=\"Link no Texto\" data-track-links=\"\">O secret\u00e1rio-geral do Senado, Luiz Fernando Bandeira, disse que a Casa votar\u00e1 o projeto, em sess\u00e3o virtual, na segunda (23) ou na ter\u00e7a-feira (24).<\/p>\n<\/div>\n<div class=\"mc-column content-text active-extra-styles \" data-block-type=\"unstyled\" data-block-weight=\"31\" data-block-id=\"6\">\n<p class=\"content-text__container \" data-track-category=\"Link no Texto\" data-track-links=\"\">De acordo com a Presid\u00eancia da Rep\u00fablica, com o reconhecimento do estado de calamidade, a Uni\u00e3o ficar\u00e1 autorizada a elevar gastos p\u00fablicos e n\u00e3o cumprir meta fiscal prevista para este ano.<\/p>\n<\/div>\n<div class=\"mc-column content-text active-extra-styles \" data-block-type=\"unstyled\" data-block-weight=\"20\" data-block-id=\"7\">\n<p class=\"content-text__container \" data-track-category=\"Link no Texto\" data-track-links=\"\">O or\u00e7amento deste ano, sancionado pelo presidente\u00a0<a href=\"https:\/\/g1.globo.com\/politica\/politico\/jair-bolsonaro\/\">Jair Bolsonaro<\/a>, admite\u00a0<a href=\"https:\/\/g1.globo.com\/noticia\/2020\/01\/17\/bolsonaro-sanciona-sem-vetos-o-orcamento-2020-diz-ministro.ghtml\">d\u00e9ficit fiscal de at\u00e9 R$ 124,1 bilh\u00f5es<\/a>\u00a0nas contas p\u00fablicas.<\/p>\n<\/div>\n<\/div>\n","protected":false},"excerpt":{"rendered":"<p>A\u00a0C\u00e2mara dos Deputados\u00a0aprovou nesta quarta-feira (18) o projeto do governo que decreta estado de\u00a0calamidade p\u00fablica\u00a0no Brasil em raz\u00e3o da\u00a0pandemia do novo coronav\u00edrus. Com a aprova\u00e7\u00e3o, o texto segue para vota\u00e7\u00e3o do\u00a0Senado. A an\u00e1lise do tema, contudo, ainda n\u00e3o foi marcada, mas o mais prov\u00e1vel \u00e9 que seja remota, sem a presen\u00e7a dos senadores em plen\u00e1rio. [&hellip;]<\/p>\n","protected":false},"author":2,"featured_media":85516,"comment_status":"open","ping_status":"open","sticky":false,"template":"","format":"standard","meta":{"footnotes":"","_links_to":"","_links_to_target":""},"categories":[1],"tags":[],"class_list":["post-85513","post","type-post","status-publish","format-standard","has-post-thumbnail","hentry","category-geral"],"views":701,"_links":{"self":[{"href":"https:\/\/www.sudoestehoje.com.br\/novoportal\/wp-json\/wp\/v2\/posts\/85513","targetHints":{"allow":["GET"]}}],"collection":[{"href":"https:\/\/www.sudoestehoje.com.br\/novoportal\/wp-json\/wp\/v2\/posts"}],"about":[{"href":"https:\/\/www.sudoestehoje.com.br\/novoportal\/wp-json\/wp\/v2\/types\/post"}],"author":[{"embeddable":true,"href":"https:\/\/www.sudoestehoje.com.br\/novoportal\/wp-json\/wp\/v2\/users\/2"}],"replies":[{"embeddable":true,"href":"https:\/\/www.sudoestehoje.com.br\/novoportal\/wp-json\/wp\/v2\/comments?post=85513"}],"version-history":[{"count":3,"href":"https:\/\/www.sudoestehoje.com.br\/novoportal\/wp-json\/wp\/v2\/posts\/85513\/revisions"}],"predecessor-version":[{"id":85517,"href":"https:\/\/www.sudoestehoje.com.br\/novoportal\/wp-json\/wp\/v2\/posts\/85513\/revisions\/85517"}],"wp:featuredmedia":[{"embeddable":true,"href":"https:\/\/www.sudoestehoje.com.br\/novoportal\/wp-json\/wp\/v2\/media\/85516"}],"wp:attachment":[{"href":"https:\/\/www.sudoestehoje.com.br\/novoportal\/wp-json\/wp\/v2\/media?parent=85513"}],"wp:term":[{"taxonomy":"category","embeddable":true,"href":"https:\/\/www.sudoestehoje.com.br\/novoportal\/wp-json\/wp\/v2\/categories?post=85513"},{"taxonomy":"post_tag","embeddable":true,"href":"https:\/\/www.sudoestehoje.com.br\/novoportal\/wp-json\/wp\/v2\/tags?post=85513"}],"curies":[{"name":"wp","href":"https:\/\/api.w.org\/{rel}","templated":true}]}}