
{"id":85492,"date":"2020-03-18T23:55:05","date_gmt":"2020-03-19T02:55:05","guid":{"rendered":"https:\/\/www.sudoestehoje.com.br\/novoportal\/?p=85492"},"modified":"2020-03-18T23:55:52","modified_gmt":"2020-03-19T02:55:52","slug":"no-mes-do-consumidor-vita-saude-card-tem-um-presente-para-voce","status":"publish","type":"post","link":"https:\/\/www.sudoestehoje.com.br\/novoportal\/2020\/03\/18\/no-mes-do-consumidor-vita-saude-card-tem-um-presente-para-voce\/","title":{"rendered":"NO M\u00caS DO CONSUMIDOR, VITA SA\u00daDE CARD TEM UM PRESENTE PARA VOC\u00ca"},"content":{"rendered":"<p><a href=\"https:\/\/www.sudoestehoje.com.br\/novoportal\/wp-content\/uploads\/2020\/03\/BANNER-VITA-SA\u00daDE-CARD.jpg\"><img loading=\"lazy\" decoding=\"async\" class=\"aligncenter  wp-image-85493\" src=\"https:\/\/www.sudoestehoje.com.br\/novoportal\/wp-content\/uploads\/2020\/03\/BANNER-VITA-SA\u00daDE-CARD-500x151.jpg\" alt=\"\" width=\"550\" height=\"166\" srcset=\"https:\/\/www.sudoestehoje.com.br\/novoportal\/wp-content\/uploads\/2020\/03\/BANNER-VITA-SA\u00daDE-CARD-500x151.jpg 500w, https:\/\/www.sudoestehoje.com.br\/novoportal\/wp-content\/uploads\/2020\/03\/BANNER-VITA-SA\u00daDE-CARD-768x232.jpg 768w, https:\/\/www.sudoestehoje.com.br\/novoportal\/wp-content\/uploads\/2020\/03\/BANNER-VITA-SA\u00daDE-CARD-700x211.jpg 700w, https:\/\/www.sudoestehoje.com.br\/novoportal\/wp-content\/uploads\/2020\/03\/BANNER-VITA-SA\u00daDE-CARD.jpg 1280w\" sizes=\"auto, (max-width: 550px) 100vw, 550px\" \/><\/a><\/p>\n<p>Se associando ao plano at\u00e9 a pr\u00f3xima sexta-feira, dia 20 de mar\u00e7o, o novo associado pagar\u00e1 <strong>apenas R$ 10,00 (dez reais) de mensalidade.<\/strong> Isso mesmo! 10 reais por m\u00eas para um contrato de 1 ano, ou seja, vc pagar\u00e1 120 reais no ano para ter atendimento m\u00e9dico e seguro de vida para voc\u00ea e sua fam\u00edlia e n\u00e3o tem taxa de ades\u00e3o.<\/p>\n<p>Esse \u00e9 um presente da VITA SA\u00daDE na semana do consumidor. Ligue agora e se associe j\u00e1, pagando apenas 10 reais por m\u00eas. Voc\u00ea n\u00e3o pode perder essa oportunidade. \u00c9 s\u00f3 essa semana!!<\/p>\n<p>Essa oferta \u00e9 v\u00e1lida apenas para novos contratos e voc\u00ea tem at\u00e9 sexta feira para se associar. LIGUE 3261-3642 ou mande recado no nosso whatsapp 99990-1120<\/p>\n<p>VITA SA\u00daDE CARD \u2013 VIVA VIVER BEM.<\/p>\n","protected":false},"excerpt":{"rendered":"<p>Se associando ao plano at\u00e9 a pr\u00f3xima sexta-feira, dia 20 de mar\u00e7o, o novo associado pagar\u00e1 apenas R$ 10,00 (dez reais) de mensalidade. Isso mesmo! 10 reais por m\u00eas para um contrato de 1 ano, ou seja, vc pagar\u00e1 120 reais no ano para ter atendimento m\u00e9dico e seguro de vida para voc\u00ea e sua [&hellip;]<\/p>\n","protected":false},"author":2,"featured_media":85493,"comment_status":"open","ping_status":"open","sticky":false,"template":"","format":"standard","meta":{"footnotes":"","_links_to":"","_links_to_target":""},"categories":[1],"tags":[],"class_list":["post-85492","post","type-post","status-publish","format-standard","has-post-thumbnail","hentry","category-geral"],"views":901,"_links":{"self":[{"href":"https:\/\/www.sudoestehoje.com.br\/novoportal\/wp-json\/wp\/v2\/posts\/85492","targetHints":{"allow":["GET"]}}],"collection":[{"href":"https:\/\/www.sudoestehoje.com.br\/novoportal\/wp-json\/wp\/v2\/posts"}],"about":[{"href":"https:\/\/www.sudoestehoje.com.br\/novoportal\/wp-json\/wp\/v2\/types\/post"}],"author":[{"embeddable":true,"href":"https:\/\/www.sudoestehoje.com.br\/novoportal\/wp-json\/wp\/v2\/users\/2"}],"replies":[{"embeddable":true,"href":"https:\/\/www.sudoestehoje.com.br\/novoportal\/wp-json\/wp\/v2\/comments?post=85492"}],"version-history":[{"count":3,"href":"https:\/\/www.sudoestehoje.com.br\/novoportal\/wp-json\/wp\/v2\/posts\/85492\/revisions"}],"predecessor-version":[{"id":85496,"href":"https:\/\/www.sudoestehoje.com.br\/novoportal\/wp-json\/wp\/v2\/posts\/85492\/revisions\/85496"}],"wp:featuredmedia":[{"embeddable":true,"href":"https:\/\/www.sudoestehoje.com.br\/novoportal\/wp-json\/wp\/v2\/media\/85493"}],"wp:attachment":[{"href":"https:\/\/www.sudoestehoje.com.br\/novoportal\/wp-json\/wp\/v2\/media?parent=85492"}],"wp:term":[{"taxonomy":"category","embeddable":true,"href":"https:\/\/www.sudoestehoje.com.br\/novoportal\/wp-json\/wp\/v2\/categories?post=85492"},{"taxonomy":"post_tag","embeddable":true,"href":"https:\/\/www.sudoestehoje.com.br\/novoportal\/wp-json\/wp\/v2\/tags?post=85492"}],"curies":[{"name":"wp","href":"https:\/\/api.w.org\/{rel}","templated":true}]}}