
{"id":85487,"date":"2020-03-18T15:17:50","date_gmt":"2020-03-18T18:17:50","guid":{"rendered":"https:\/\/www.sudoestehoje.com.br\/novoportal\/?p=85487"},"modified":"2020-03-18T19:18:40","modified_gmt":"2020-03-18T22:18:40","slug":"governador-da-bahia-decreta-suspensao-das-aulas-nas-escolas-da-rede-estadual","status":"publish","type":"post","link":"https:\/\/www.sudoestehoje.com.br\/novoportal\/2020\/03\/18\/governador-da-bahia-decreta-suspensao-das-aulas-nas-escolas-da-rede-estadual\/","title":{"rendered":"GOVERNADOR DA BAHIA DECRETA SUSPENS\u00c3O DAS AULAS NAS ESCOLAS DA REDE ESTADUAL"},"content":{"rendered":"<p><a href=\"https:\/\/www.sudoestehoje.com.br\/novoportal\/wp-content\/uploads\/2020\/03\/ESCOLAS-ESTADO.jpg\"><img loading=\"lazy\" decoding=\"async\" class=\"aligncenter size-medium wp-image-85490\" src=\"https:\/\/www.sudoestehoje.com.br\/novoportal\/wp-content\/uploads\/2020\/03\/ESCOLAS-ESTADO-500x257.jpg\" alt=\"\" width=\"500\" height=\"257\" srcset=\"https:\/\/www.sudoestehoje.com.br\/novoportal\/wp-content\/uploads\/2020\/03\/ESCOLAS-ESTADO-500x257.jpg 500w, https:\/\/www.sudoestehoje.com.br\/novoportal\/wp-content\/uploads\/2020\/03\/ESCOLAS-ESTADO.jpg 512w\" sizes=\"auto, (max-width: 500px) 100vw, 500px\" \/><\/a><\/p>\n<p>O governador Rui Costa determinou o fechamento de todas as escolas da rede estadual da Bahia. O gestor confirmou a informa\u00e7\u00e3o em entrevista coletiva ap\u00f3s vistoria no Hospital Espanhol, em Salvador, nesta quarta-feira (18). A medida atinge tamb\u00e9m as escolas privadas de toda a Bahia (<a href=\"https:\/\/www.bahianoticias.com.br\/noticia\/245411-decreto-ira-suspender-aulas-em-todas-escolas-publicas-e-privadas-da-bahia.html\" target=\"_blank\" rel=\"noopener noreferrer\">veja aqui<\/a>).<\/p>\n<p>Na segunda-feira (16) o gestor j\u00e1 havia anunciado suspens\u00e3o de aulas nas unidades localizadas em cidades que registraram casos cofirmados do novo coronav\u00edrus. Al\u00e9m disso o governo do estado anunciou medidas de preven\u00e7\u00e3o da dissemina\u00e7\u00e3o do v\u00edrus com recomenda\u00e7\u00f5es para distanciamento social, adiantamento de sal\u00e1rios de aposentados e pensionistas, proibi\u00e7\u00e3o de visitas nos pres\u00eddios.<\/p>\n<p>De acordo com o \u00faltimo boletim da Secretaria de Sa\u00fade do Estado (Sesab), desta ter\u00e7a-feira (18), a Bahia registra 14 casos confirmados de infec\u00e7\u00f5es pelo Covid-19 nos munic\u00edpios de Salvador, Feira de Santana, Porto Seguro e Prado.<\/p>\n","protected":false},"excerpt":{"rendered":"<p>O governador Rui Costa determinou o fechamento de todas as escolas da rede estadual da Bahia. O gestor confirmou a informa\u00e7\u00e3o em entrevista coletiva ap\u00f3s vistoria no Hospital Espanhol, em Salvador, nesta quarta-feira (18). A medida atinge tamb\u00e9m as escolas privadas de toda a Bahia (veja aqui). Na segunda-feira (16) o gestor j\u00e1 havia anunciado [&hellip;]<\/p>\n","protected":false},"author":2,"featured_media":85490,"comment_status":"open","ping_status":"open","sticky":false,"template":"","format":"standard","meta":{"footnotes":"","_links_to":"","_links_to_target":""},"categories":[1],"tags":[],"class_list":["post-85487","post","type-post","status-publish","format-standard","has-post-thumbnail","hentry","category-geral"],"views":799,"_links":{"self":[{"href":"https:\/\/www.sudoestehoje.com.br\/novoportal\/wp-json\/wp\/v2\/posts\/85487","targetHints":{"allow":["GET"]}}],"collection":[{"href":"https:\/\/www.sudoestehoje.com.br\/novoportal\/wp-json\/wp\/v2\/posts"}],"about":[{"href":"https:\/\/www.sudoestehoje.com.br\/novoportal\/wp-json\/wp\/v2\/types\/post"}],"author":[{"embeddable":true,"href":"https:\/\/www.sudoestehoje.com.br\/novoportal\/wp-json\/wp\/v2\/users\/2"}],"replies":[{"embeddable":true,"href":"https:\/\/www.sudoestehoje.com.br\/novoportal\/wp-json\/wp\/v2\/comments?post=85487"}],"version-history":[{"count":3,"href":"https:\/\/www.sudoestehoje.com.br\/novoportal\/wp-json\/wp\/v2\/posts\/85487\/revisions"}],"predecessor-version":[{"id":85491,"href":"https:\/\/www.sudoestehoje.com.br\/novoportal\/wp-json\/wp\/v2\/posts\/85487\/revisions\/85491"}],"wp:featuredmedia":[{"embeddable":true,"href":"https:\/\/www.sudoestehoje.com.br\/novoportal\/wp-json\/wp\/v2\/media\/85490"}],"wp:attachment":[{"href":"https:\/\/www.sudoestehoje.com.br\/novoportal\/wp-json\/wp\/v2\/media?parent=85487"}],"wp:term":[{"taxonomy":"category","embeddable":true,"href":"https:\/\/www.sudoestehoje.com.br\/novoportal\/wp-json\/wp\/v2\/categories?post=85487"},{"taxonomy":"post_tag","embeddable":true,"href":"https:\/\/www.sudoestehoje.com.br\/novoportal\/wp-json\/wp\/v2\/tags?post=85487"}],"curies":[{"name":"wp","href":"https:\/\/api.w.org\/{rel}","templated":true}]}}