
{"id":85478,"date":"2020-03-18T18:32:44","date_gmt":"2020-03-18T21:32:44","guid":{"rendered":"https:\/\/www.sudoestehoje.com.br\/novoportal\/?p=85478"},"modified":"2020-03-18T18:32:44","modified_gmt":"2020-03-18T21:32:44","slug":"coronavirus-presidente-do-senado-e-ministros-do-governo-testam-positivo","status":"publish","type":"post","link":"https:\/\/www.sudoestehoje.com.br\/novoportal\/2020\/03\/18\/coronavirus-presidente-do-senado-e-ministros-do-governo-testam-positivo\/","title":{"rendered":"CORONAV\u00cdRUS: PRESIDENTE DO SENADO E MINISTROS DO GOVERNO TESTAM POSITIVO"},"content":{"rendered":"<p><a href=\"https:\/\/www.sudoestehoje.com.br\/novoportal\/wp-content\/uploads\/2020\/03\/ALCOLUMBRE-E-HELENO.jpg\"><img loading=\"lazy\" decoding=\"async\" class=\"aligncenter size-medium wp-image-85480\" src=\"https:\/\/www.sudoestehoje.com.br\/novoportal\/wp-content\/uploads\/2020\/03\/ALCOLUMBRE-E-HELENO-500x333.jpg\" alt=\"\" width=\"500\" height=\"333\" srcset=\"https:\/\/www.sudoestehoje.com.br\/novoportal\/wp-content\/uploads\/2020\/03\/ALCOLUMBRE-E-HELENO-500x333.jpg 500w, https:\/\/www.sudoestehoje.com.br\/novoportal\/wp-content\/uploads\/2020\/03\/ALCOLUMBRE-E-HELENO-768x511.jpg 768w, https:\/\/www.sudoestehoje.com.br\/novoportal\/wp-content\/uploads\/2020\/03\/ALCOLUMBRE-E-HELENO-700x466.jpg 700w, https:\/\/www.sudoestehoje.com.br\/novoportal\/wp-content\/uploads\/2020\/03\/ALCOLUMBRE-E-HELENO.jpg 1920w\" sizes=\"auto, (max-width: 500px) 100vw, 500px\" \/><\/a><\/p>\n<p>O presidente do Senado,\u00a0<a href=\"https:\/\/br.noticias.yahoo.com\/bolsonaro-desafia-maia-e-alcolumbre-112344729.html\">Davi Alcolumbre<\/a>\u00a0(DEM-AP), testou positivo para o novo coronav\u00edrus, nesta quarta-feira (18). A confirma\u00e7\u00e3o da doen\u00e7a partiu da\u00a0<a href=\"https:\/\/www12.senado.leg.br\/noticias\/materias\/2020\/03\/18\/presidente-davi-alcolumbre-testa-positivo-para-covid-19\" target=\"_blank\" rel=\"nofollow noopener noreferrer\">assessoria de imprensa da Presid\u00eancia do Senado<\/a>.<\/p>\n<p>De acordo com a assessoria, o primeiro teste ao qual ele foi submetido deu negativo, mas, na noite desta ter\u00e7a (17), o presidente do Senado fez um novo exame, que deu resultado positivo para o\u00a0<a href=\"https:\/\/br.noticias.yahoo.com\/ministro-augusto-heleno-testa-positivo-122243781.html\">novo coronav\u00edrus<\/a>.<\/p>\n<p>Na segunda-feira (16), Alcolumbre se reuniu com representantes de todos os poderes para discutir medidas de combate ao novo coronav\u00edrus. Participaram do encontro o presidente do STF (Supremo Tribunal Federal), Dias Toffoli, da C\u00e2mara, Rodrigo Maia, al\u00e9m do ministro da Sa\u00fade, Luiz Henrique Mandetta.<\/p>\n<p>Nesta quarta, tamb\u00e9m foram confirmados casos positivos para os ministros do GSI (Gabinete de Seguran\u00e7a Institucional),\u00a0<a href=\"https:\/\/br.noticias.yahoo.com\/ministro-augusto-heleno-testa-positivo-122243781.html\">general Augusto Helen<\/a>o, e de\u00a0<a href=\"https:\/\/br.noticias.yahoo.com\/ministro-minas-e-energia-%C3%A9-174739176.html\">Minas e Energia<\/a>, Bento Albuquerque.<\/p>\n","protected":false},"excerpt":{"rendered":"<p>O presidente do Senado,\u00a0Davi Alcolumbre\u00a0(DEM-AP), testou positivo para o novo coronav\u00edrus, nesta quarta-feira (18). A confirma\u00e7\u00e3o da doen\u00e7a partiu da\u00a0assessoria de imprensa da Presid\u00eancia do Senado. De acordo com a assessoria, o primeiro teste ao qual ele foi submetido deu negativo, mas, na noite desta ter\u00e7a (17), o presidente do Senado fez um novo exame, [&hellip;]<\/p>\n","protected":false},"author":2,"featured_media":85480,"comment_status":"open","ping_status":"open","sticky":false,"template":"","format":"standard","meta":{"footnotes":"","_links_to":"","_links_to_target":""},"categories":[1],"tags":[],"class_list":["post-85478","post","type-post","status-publish","format-standard","has-post-thumbnail","hentry","category-geral"],"views":780,"_links":{"self":[{"href":"https:\/\/www.sudoestehoje.com.br\/novoportal\/wp-json\/wp\/v2\/posts\/85478","targetHints":{"allow":["GET"]}}],"collection":[{"href":"https:\/\/www.sudoestehoje.com.br\/novoportal\/wp-json\/wp\/v2\/posts"}],"about":[{"href":"https:\/\/www.sudoestehoje.com.br\/novoportal\/wp-json\/wp\/v2\/types\/post"}],"author":[{"embeddable":true,"href":"https:\/\/www.sudoestehoje.com.br\/novoportal\/wp-json\/wp\/v2\/users\/2"}],"replies":[{"embeddable":true,"href":"https:\/\/www.sudoestehoje.com.br\/novoportal\/wp-json\/wp\/v2\/comments?post=85478"}],"version-history":[{"count":2,"href":"https:\/\/www.sudoestehoje.com.br\/novoportal\/wp-json\/wp\/v2\/posts\/85478\/revisions"}],"predecessor-version":[{"id":85481,"href":"https:\/\/www.sudoestehoje.com.br\/novoportal\/wp-json\/wp\/v2\/posts\/85478\/revisions\/85481"}],"wp:featuredmedia":[{"embeddable":true,"href":"https:\/\/www.sudoestehoje.com.br\/novoportal\/wp-json\/wp\/v2\/media\/85480"}],"wp:attachment":[{"href":"https:\/\/www.sudoestehoje.com.br\/novoportal\/wp-json\/wp\/v2\/media?parent=85478"}],"wp:term":[{"taxonomy":"category","embeddable":true,"href":"https:\/\/www.sudoestehoje.com.br\/novoportal\/wp-json\/wp\/v2\/categories?post=85478"},{"taxonomy":"post_tag","embeddable":true,"href":"https:\/\/www.sudoestehoje.com.br\/novoportal\/wp-json\/wp\/v2\/tags?post=85478"}],"curies":[{"name":"wp","href":"https:\/\/api.w.org\/{rel}","templated":true}]}}