
{"id":85471,"date":"2020-03-17T23:29:19","date_gmt":"2020-03-18T02:29:19","guid":{"rendered":"https:\/\/www.sudoestehoje.com.br\/novoportal\/?p=85471"},"modified":"2020-03-17T23:41:09","modified_gmt":"2020-03-18T02:41:09","slug":"exposicao-de-jequie-e-cancelada-itapetinga-tambem-pode-suspender-evento","status":"publish","type":"post","link":"https:\/\/www.sudoestehoje.com.br\/novoportal\/2020\/03\/17\/exposicao-de-jequie-e-cancelada-itapetinga-tambem-pode-suspender-evento\/","title":{"rendered":"EXPOSI\u00c7\u00c3O DE JEQUI\u00c9 \u00c9 CANCELADA; ITAPETINGA TAMB\u00c9M PODE SUSPENDER EVENTO"},"content":{"rendered":"<p><a href=\"https:\/\/www.sudoestehoje.com.br\/novoportal\/wp-content\/uploads\/2020\/03\/parque-de-Exposi\u00e7\u00e3o-de-Jequi\u00e9.jpg\"><img loading=\"lazy\" decoding=\"async\" class=\"aligncenter size-full wp-image-85473\" src=\"https:\/\/www.sudoestehoje.com.br\/novoportal\/wp-content\/uploads\/2020\/03\/parque-de-Exposi\u00e7\u00e3o-de-Jequi\u00e9.jpg\" alt=\"\" width=\"453\" height=\"300\" \/><\/a><\/p>\n<p>A 41\u00aa Exposi\u00e7\u00e3o Agropecu\u00e1ria, Comercial e Industrial de Jequi\u00e9 e 18\u00aa Expo Nacional, prevista para o per\u00edodo de 25 de abril a 3 de maio foi cancelada pelo Sindicato dos Produtores Rurais de Jequi\u00e9.\u00a0 O anuncio foi realizado pelo presidente Ivo Silva Santos, informou hoje o <em>Blog do Cangussu. <\/em>O que motivou o cancelamento foi a amea\u00e7a de propaga\u00e7\u00e3o do Coronav\u00edrus, devido \u00e0 aglomera\u00e7\u00e3o de pessoas durante o evento.<\/p>\n<p>EXPOSI\u00c7\u00c3O DE ITAPETINGA \u00c9 D\u00daVIDA<\/p>\n<p>No meio agropecu\u00e1rio de Itapetinga, a realiza\u00e7\u00e3o da 50\u00aa Exposi\u00e7\u00e3o tamb\u00e9m \u00e9 dada como incerta, pelo mesmo motivo, o Coronav\u00edrus. De acordo com o presidente do Sindicato Rural, uma reuni\u00e3o com diretores e associados definir\u00e1 a realiza\u00e7\u00e3o ou n\u00e3o do evento.<\/p>\n<p>A 50\u00aa Exposi\u00e7\u00e3o Agropecu\u00e1ria de Itapetinga est\u00e1 programada para acontecer entre os dias 12 a 17 de maio.<\/p>\n<p><strong><em>Por Davi Ferraz<\/em><\/strong><\/p>\n","protected":false},"excerpt":{"rendered":"<p>A 41\u00aa Exposi\u00e7\u00e3o Agropecu\u00e1ria, Comercial e Industrial de Jequi\u00e9 e 18\u00aa Expo Nacional, prevista para o per\u00edodo de 25 de abril a 3 de maio foi cancelada pelo Sindicato dos Produtores Rurais de Jequi\u00e9.\u00a0 O anuncio foi realizado pelo presidente Ivo Silva Santos, informou hoje o Blog do Cangussu. O que motivou o cancelamento foi [&hellip;]<\/p>\n","protected":false},"author":2,"featured_media":85473,"comment_status":"open","ping_status":"open","sticky":false,"template":"","format":"standard","meta":{"footnotes":"","_links_to":"","_links_to_target":""},"categories":[1],"tags":[],"class_list":["post-85471","post","type-post","status-publish","format-standard","has-post-thumbnail","hentry","category-geral"],"views":1569,"_links":{"self":[{"href":"https:\/\/www.sudoestehoje.com.br\/novoportal\/wp-json\/wp\/v2\/posts\/85471","targetHints":{"allow":["GET"]}}],"collection":[{"href":"https:\/\/www.sudoestehoje.com.br\/novoportal\/wp-json\/wp\/v2\/posts"}],"about":[{"href":"https:\/\/www.sudoestehoje.com.br\/novoportal\/wp-json\/wp\/v2\/types\/post"}],"author":[{"embeddable":true,"href":"https:\/\/www.sudoestehoje.com.br\/novoportal\/wp-json\/wp\/v2\/users\/2"}],"replies":[{"embeddable":true,"href":"https:\/\/www.sudoestehoje.com.br\/novoportal\/wp-json\/wp\/v2\/comments?post=85471"}],"version-history":[{"count":5,"href":"https:\/\/www.sudoestehoje.com.br\/novoportal\/wp-json\/wp\/v2\/posts\/85471\/revisions"}],"predecessor-version":[{"id":85477,"href":"https:\/\/www.sudoestehoje.com.br\/novoportal\/wp-json\/wp\/v2\/posts\/85471\/revisions\/85477"}],"wp:featuredmedia":[{"embeddable":true,"href":"https:\/\/www.sudoestehoje.com.br\/novoportal\/wp-json\/wp\/v2\/media\/85473"}],"wp:attachment":[{"href":"https:\/\/www.sudoestehoje.com.br\/novoportal\/wp-json\/wp\/v2\/media?parent=85471"}],"wp:term":[{"taxonomy":"category","embeddable":true,"href":"https:\/\/www.sudoestehoje.com.br\/novoportal\/wp-json\/wp\/v2\/categories?post=85471"},{"taxonomy":"post_tag","embeddable":true,"href":"https:\/\/www.sudoestehoje.com.br\/novoportal\/wp-json\/wp\/v2\/tags?post=85471"}],"curies":[{"name":"wp","href":"https:\/\/api.w.org\/{rel}","templated":true}]}}