
{"id":85461,"date":"2020-03-17T22:17:54","date_gmt":"2020-03-18T01:17:54","guid":{"rendered":"https:\/\/www.sudoestehoje.com.br\/novoportal\/?p=85461"},"modified":"2020-03-17T22:56:21","modified_gmt":"2020-03-18T01:56:21","slug":"itapetinga-decreto-do-prefeito-suspende-aulas-ate-3-de-abril-e-adota-outras-medidas-contra-coronavirus","status":"publish","type":"post","link":"https:\/\/www.sudoestehoje.com.br\/novoportal\/2020\/03\/17\/itapetinga-decreto-do-prefeito-suspende-aulas-ate-3-de-abril-e-adota-outras-medidas-contra-coronavirus\/","title":{"rendered":"ITAPETINGA: DECRETO DO PREFEITO SUSPENDE AULAS AT\u00c9 3 DE ABRIL E ADOTA OUTRAS MEDIDAS CONTRA CORONAV\u00cdRUS"},"content":{"rendered":"<p><a href=\"https:\/\/www.sudoestehoje.com.br\/novoportal\/wp-content\/uploads\/2020\/03\/rodrigo-decreto.jpg\"><img loading=\"lazy\" decoding=\"async\" class=\"aligncenter size-medium wp-image-85465\" src=\"https:\/\/www.sudoestehoje.com.br\/novoportal\/wp-content\/uploads\/2020\/03\/rodrigo-decreto-500x493.jpg\" alt=\"\" width=\"500\" height=\"493\" srcset=\"https:\/\/www.sudoestehoje.com.br\/novoportal\/wp-content\/uploads\/2020\/03\/rodrigo-decreto-500x493.jpg 500w, https:\/\/www.sudoestehoje.com.br\/novoportal\/wp-content\/uploads\/2020\/03\/rodrigo-decreto-768x757.jpg 768w, https:\/\/www.sudoestehoje.com.br\/novoportal\/wp-content\/uploads\/2020\/03\/rodrigo-decreto-700x690.jpg 700w, https:\/\/www.sudoestehoje.com.br\/novoportal\/wp-content\/uploads\/2020\/03\/rodrigo-decreto.jpg 1060w\" sizes=\"auto, (max-width: 500px) 100vw, 500px\" \/><\/a><\/p>\n<p>Nesta ter\u00e7a-feira (17), o prefeito de Itapetinga baixou Decreto Municipal suspendendo as aulas em toda a rede municipal e escolas particulares, inclusive de n\u00edvel superior, at\u00e9 o dia 3 de abril pr\u00f3ximo, al\u00e9m de adotar outras medidas dr\u00e1sticas necess\u00e1rias para combater o avan\u00e7o do COVID-19, conhecido como Coronav\u00edrus.<\/p>\n<p>OUTRAS MEDIDAS<\/p>\n<p>Suspens\u00e3o dos servi\u00e7os do CRAS &#8211; Centro de Refer\u00eancia da Assist\u00eancia Social; suspens\u00e3o, por 30 dias, de todos os eventos p\u00fablicos e privados que dependam de licenciamento e Alvar\u00e1 municipal, com o cancelamento das licen\u00e7as j\u00e1 concedidas para eventos futuros, anteriormente programados; suspens\u00e3o, por 30 dias, da concess\u00e3o de f\u00e9rias e licen\u00e7as a servidores municipais que atuem na \u00e1rea de sa\u00fade e setores essenciais da prefeitura, dentre outras.<\/p>\n<p>No decreto do prefeito Rodrigo Hagge foi tamb\u00e9m criado um Gabinete de Crise, formado por secret\u00e1rios municipais e representantes do HCR.<\/p>\n<p><strong><em>Confira Decreto:<\/em><\/strong>\u00a0<span style=\"color: #0000ff;\"><strong><a style=\"color: #0000ff;\" href=\"https:\/\/www.sudoestehoje.com.br\/novoportal\/wp-content\/uploads\/2020\/03\/DECRETO-N.-062.2020.pdf\">DECRETO N. 062.2020<\/a>\u00a0<\/strong><\/span><\/p>\n","protected":false},"excerpt":{"rendered":"<p>Nesta ter\u00e7a-feira (17), o prefeito de Itapetinga baixou Decreto Municipal suspendendo as aulas em toda a rede municipal e escolas particulares, inclusive de n\u00edvel superior, at\u00e9 o dia 3 de abril pr\u00f3ximo, al\u00e9m de adotar outras medidas dr\u00e1sticas necess\u00e1rias para combater o avan\u00e7o do COVID-19, conhecido como Coronav\u00edrus. OUTRAS MEDIDAS Suspens\u00e3o dos servi\u00e7os do CRAS [&hellip;]<\/p>\n","protected":false},"author":2,"featured_media":85465,"comment_status":"open","ping_status":"open","sticky":false,"template":"","format":"standard","meta":{"footnotes":"","_links_to":"","_links_to_target":""},"categories":[1],"tags":[],"class_list":["post-85461","post","type-post","status-publish","format-standard","has-post-thumbnail","hentry","category-geral"],"views":863,"_links":{"self":[{"href":"https:\/\/www.sudoestehoje.com.br\/novoportal\/wp-json\/wp\/v2\/posts\/85461","targetHints":{"allow":["GET"]}}],"collection":[{"href":"https:\/\/www.sudoestehoje.com.br\/novoportal\/wp-json\/wp\/v2\/posts"}],"about":[{"href":"https:\/\/www.sudoestehoje.com.br\/novoportal\/wp-json\/wp\/v2\/types\/post"}],"author":[{"embeddable":true,"href":"https:\/\/www.sudoestehoje.com.br\/novoportal\/wp-json\/wp\/v2\/users\/2"}],"replies":[{"embeddable":true,"href":"https:\/\/www.sudoestehoje.com.br\/novoportal\/wp-json\/wp\/v2\/comments?post=85461"}],"version-history":[{"count":4,"href":"https:\/\/www.sudoestehoje.com.br\/novoportal\/wp-json\/wp\/v2\/posts\/85461\/revisions"}],"predecessor-version":[{"id":85467,"href":"https:\/\/www.sudoestehoje.com.br\/novoportal\/wp-json\/wp\/v2\/posts\/85461\/revisions\/85467"}],"wp:featuredmedia":[{"embeddable":true,"href":"https:\/\/www.sudoestehoje.com.br\/novoportal\/wp-json\/wp\/v2\/media\/85465"}],"wp:attachment":[{"href":"https:\/\/www.sudoestehoje.com.br\/novoportal\/wp-json\/wp\/v2\/media?parent=85461"}],"wp:term":[{"taxonomy":"category","embeddable":true,"href":"https:\/\/www.sudoestehoje.com.br\/novoportal\/wp-json\/wp\/v2\/categories?post=85461"},{"taxonomy":"post_tag","embeddable":true,"href":"https:\/\/www.sudoestehoje.com.br\/novoportal\/wp-json\/wp\/v2\/tags?post=85461"}],"curies":[{"name":"wp","href":"https:\/\/api.w.org\/{rel}","templated":true}]}}