
{"id":85457,"date":"2020-03-17T20:54:00","date_gmt":"2020-03-17T23:54:00","guid":{"rendered":"https:\/\/www.sudoestehoje.com.br\/novoportal\/?p=85457"},"modified":"2020-03-17T20:54:00","modified_gmt":"2020-03-17T23:54:00","slug":"camara-de-vereadores-de-itapetinga-adota-medidas-para-conter-avanco-do-covid-19","status":"publish","type":"post","link":"https:\/\/www.sudoestehoje.com.br\/novoportal\/2020\/03\/17\/camara-de-vereadores-de-itapetinga-adota-medidas-para-conter-avanco-do-covid-19\/","title":{"rendered":"C\u00c2MARA DE VEREADORES DE ITAPETINGA ADOTA MEDIDAS PARA CONTER AVAN\u00c7O DO COVID-19"},"content":{"rendered":"<p><a href=\"https:\/\/www.sudoestehoje.com.br\/novoportal\/wp-content\/uploads\/2020\/03\/CAMARA-ITA.jpeg\"><img loading=\"lazy\" decoding=\"async\" class=\"aligncenter  wp-image-85458\" src=\"https:\/\/www.sudoestehoje.com.br\/novoportal\/wp-content\/uploads\/2020\/03\/CAMARA-ITA.jpeg\" alt=\"\" width=\"499\" height=\"294\" \/><\/a><\/p>\n<p>Por meio da Portaria 680\/20, de 16 de mar\u00e7o de 2020, a presidente Naara Duarte (DEM) estabelece medidas de preven\u00e7\u00e3o na C\u00e2mara Municipal de Itapetinga em raz\u00e3o da pandemia do coronav\u00edrus (Covid-19).<\/p>\n<p>Dentre as provid\u00eancias tomadas pela C\u00e2mara de Vereadores est\u00e1 a suspens\u00e3o de sess\u00f5es especiais, audi\u00eancias p\u00fablicas, eventos pol\u00edticos, eventos comemorativos e solenidades agendadas para o Plen\u00e1rio Ulysses Guimar\u00e3es.<\/p>\n<p>A C\u00e2mara tamb\u00e9m est\u00e1 refor\u00e7ando internamente a\u00e7\u00f5es de orienta\u00e7\u00e3o, preven\u00e7\u00e3o, etiquetas de contato, al\u00e9m de medidas de higieniza\u00e7\u00e3o da sede do Poder Legislativo. Todos os setores dever\u00e3o receber \u00e1lcool gel e equipamentos necess\u00e1rios para a prote\u00e7\u00e3o individual (EPI).<\/p>\n","protected":false},"excerpt":{"rendered":"<p>Por meio da Portaria 680\/20, de 16 de mar\u00e7o de 2020, a presidente Naara Duarte (DEM) estabelece medidas de preven\u00e7\u00e3o na C\u00e2mara Municipal de Itapetinga em raz\u00e3o da pandemia do coronav\u00edrus (Covid-19). Dentre as provid\u00eancias tomadas pela C\u00e2mara de Vereadores est\u00e1 a suspens\u00e3o de sess\u00f5es especiais, audi\u00eancias p\u00fablicas, eventos pol\u00edticos, eventos comemorativos e solenidades agendadas [&hellip;]<\/p>\n","protected":false},"author":2,"featured_media":85458,"comment_status":"open","ping_status":"open","sticky":false,"template":"","format":"standard","meta":{"footnotes":"","_links_to":"","_links_to_target":""},"categories":[1],"tags":[],"class_list":["post-85457","post","type-post","status-publish","format-standard","has-post-thumbnail","hentry","category-geral"],"views":742,"_links":{"self":[{"href":"https:\/\/www.sudoestehoje.com.br\/novoportal\/wp-json\/wp\/v2\/posts\/85457","targetHints":{"allow":["GET"]}}],"collection":[{"href":"https:\/\/www.sudoestehoje.com.br\/novoportal\/wp-json\/wp\/v2\/posts"}],"about":[{"href":"https:\/\/www.sudoestehoje.com.br\/novoportal\/wp-json\/wp\/v2\/types\/post"}],"author":[{"embeddable":true,"href":"https:\/\/www.sudoestehoje.com.br\/novoportal\/wp-json\/wp\/v2\/users\/2"}],"replies":[{"embeddable":true,"href":"https:\/\/www.sudoestehoje.com.br\/novoportal\/wp-json\/wp\/v2\/comments?post=85457"}],"version-history":[{"count":2,"href":"https:\/\/www.sudoestehoje.com.br\/novoportal\/wp-json\/wp\/v2\/posts\/85457\/revisions"}],"predecessor-version":[{"id":85460,"href":"https:\/\/www.sudoestehoje.com.br\/novoportal\/wp-json\/wp\/v2\/posts\/85457\/revisions\/85460"}],"wp:featuredmedia":[{"embeddable":true,"href":"https:\/\/www.sudoestehoje.com.br\/novoportal\/wp-json\/wp\/v2\/media\/85458"}],"wp:attachment":[{"href":"https:\/\/www.sudoestehoje.com.br\/novoportal\/wp-json\/wp\/v2\/media?parent=85457"}],"wp:term":[{"taxonomy":"category","embeddable":true,"href":"https:\/\/www.sudoestehoje.com.br\/novoportal\/wp-json\/wp\/v2\/categories?post=85457"},{"taxonomy":"post_tag","embeddable":true,"href":"https:\/\/www.sudoestehoje.com.br\/novoportal\/wp-json\/wp\/v2\/tags?post=85457"}],"curies":[{"name":"wp","href":"https:\/\/api.w.org\/{rel}","templated":true}]}}