
{"id":85439,"date":"2020-03-16T19:36:34","date_gmt":"2020-03-16T22:36:34","guid":{"rendered":"https:\/\/www.sudoestehoje.com.br\/novoportal\/?p=85439"},"modified":"2020-03-16T19:37:27","modified_gmt":"2020-03-16T22:37:27","slug":"alba-adota-medidas-protetivas-para-reduzir-propagacao-do-coronavirus","status":"publish","type":"post","link":"https:\/\/www.sudoestehoje.com.br\/novoportal\/2020\/03\/16\/alba-adota-medidas-protetivas-para-reduzir-propagacao-do-coronavirus\/","title":{"rendered":"ALBA ADOTA MEDIDAS PROTETIVAS PARA REDUZIR PROPAGA\u00c7\u00c3O DO CORONAV\u00cdRUS"},"content":{"rendered":"<p><a href=\"https:\/\/www.sudoestehoje.com.br\/novoportal\/wp-content\/uploads\/2020\/03\/ALBA-PRES.jpg\"><img loading=\"lazy\" decoding=\"async\" class=\"aligncenter size-medium wp-image-85441\" src=\"https:\/\/www.sudoestehoje.com.br\/novoportal\/wp-content\/uploads\/2020\/03\/ALBA-PRES-500x235.jpg\" alt=\"\" width=\"500\" height=\"235\" srcset=\"https:\/\/www.sudoestehoje.com.br\/novoportal\/wp-content\/uploads\/2020\/03\/ALBA-PRES-500x235.jpg 500w, https:\/\/www.sudoestehoje.com.br\/novoportal\/wp-content\/uploads\/2020\/03\/ALBA-PRES-768x361.jpg 768w, https:\/\/www.sudoestehoje.com.br\/novoportal\/wp-content\/uploads\/2020\/03\/ALBA-PRES-700x329.jpg 700w, https:\/\/www.sudoestehoje.com.br\/novoportal\/wp-content\/uploads\/2020\/03\/ALBA-PRES.jpg 1600w\" sizes=\"auto, (max-width: 500px) 100vw, 500px\" \/><\/a><\/p>\n<p><strong><em>Ascom Alba<\/em><\/strong><\/p>\n<p>A Assembleia Legislativa implanta hoje dr\u00e1sticas medidas protetivas para reduzir a propaga\u00e7\u00e3o do Covid-19, o novo coronav\u00edrus, restringindo as presen\u00e7as de funcion\u00e1rios e visitantes. Elas foram adotadas em reuni\u00e3o expandida da Mesa Diretora com\u00a0 a presen\u00e7a de 35 parlamentares e diretores da ALBA \u2013 encarregados da execu\u00e7\u00e3o das provid\u00eancias consensuais decidas pelos parlamentares.<\/p>\n<p>O ato disciplinando essas medidas foi assinado pelo presidente Nelson Leal \u00e0 noite, est\u00e1 publicado na presente edi\u00e7\u00e3o do Caderno do Legislativo do Di\u00e1rio Oficial e vigora imediatamente. Entre outras provid\u00eancias o regime de trabalho no Legislativo passa a ser turn\u00e3o, das 13 \u00e0s 19h, com a chegada dos funcion\u00e1rios sendo escalonada. O funcionamento dos dois restaurantes tamb\u00e9m est\u00e1 suspenso, bem como os funcion\u00e1rios com 60 anos de idade ou mais est\u00e3o dispensados do trabalho presencial.<\/p>\n<p>O acesso ao p\u00fablico externo ser\u00e1 vedado, exceto para a imprensa, reduzindo drasticamente o n\u00famero de pessoas que circulam no local (superior a cinco mil pessoas). Todos os eventos que re\u00fanem p\u00fablico externo, tais como sess\u00f5es especiais, solenidade para concess\u00e3o de honrarias, lan\u00e7amentos de livros, exposi\u00e7\u00f5es, programas de visita\u00e7\u00e3o de escolas e atendimento presencial ao p\u00fablico est\u00e3o igualmente suspensos.<\/p>\n<p>Todos os setores considerados n\u00e3o essenciais ter\u00e3o suas atividades paralisadas imediatamente, ficando as diretorias de estabelecer o n\u00edvel de prioridade de cada departamento ou sess\u00e3o ainda hoje \u2013 ficando as comiss\u00f5es t\u00e9cnicas com as atividades reduzidas, passando a realizar reuni\u00f5es conjuntas sempre que poss\u00edvel.<\/p>\n<p>Os deputados estaduais reduzir\u00e3o ao m\u00ednimo a presen\u00e7a de assessores em gabinetes, colocando, sempre que poss\u00edvel em regime de home office, bem como evitando viagens e eventos com grande quantidade de pessoas. O presidente Nelson Leal ficou autorizado a determinar o fechamento total das ALBA (como ocorre em alguns estados) caso a pandemia avance muito, ou se a C\u00e2mara Federal e o Senado assim o fa\u00e7am.<\/p>\n<p>Provid\u00eancias administrativas com rela\u00e7\u00e3o \u00e0 intensifica\u00e7\u00e3o da higieniza\u00e7\u00e3o de todos os locais p\u00fablicos, bem como ma\u00e7anetas, corrim\u00f5es e outros ser\u00e1 intensificada, bem como o fornecimento de \u00e1lcool gel em reparti\u00e7\u00f5es e gabinetes, e atrav\u00e9s de recipientes nas \u00e1reas comuns. A portaria da Assembleia ser\u00e1 dotada de medidores de temperatura \u2013 que atuam tocar o corpo dos examinados \u2013 e ser\u00e3o distribu\u00eddas pelo servi\u00e7o m\u00e9dico m\u00e1scaras para os funcion\u00e1rios cujas atividades implique em contato com o p\u00fablico.<\/p>\n<p>O elenco de medidas, explica o presidente Nelson Leal exprime a preocupa\u00e7\u00e3o do conjunto dos deputados da Bahia com essa crise mundial, considerada como pandemia no \u00faltimo dia 11 pela OMS, e emerg\u00eancia de sa\u00fade p\u00fablica em quatro de fevereiro pelo minist\u00e9rio da Sa\u00fade. \u201cBusca-se evitar que a ALBA funcione como polo difusor do Covid-19, dada a capilaridade das lideran\u00e7as de todo o est\u00e3o que nos visitam diariamente e do elenco de atividades que contam com a presen\u00e7a de pessoas da nossa comunidade. Estamos fazendo a nossa parte para conter a dissemina\u00e7\u00e3o dessa doen\u00e7a perigosa\u201d, justifica Leal.<\/p>\n","protected":false},"excerpt":{"rendered":"<p>Ascom Alba A Assembleia Legislativa implanta hoje dr\u00e1sticas medidas protetivas para reduzir a propaga\u00e7\u00e3o do Covid-19, o novo coronav\u00edrus, restringindo as presen\u00e7as de funcion\u00e1rios e visitantes. Elas foram adotadas em reuni\u00e3o expandida da Mesa Diretora com\u00a0 a presen\u00e7a de 35 parlamentares e diretores da ALBA \u2013 encarregados da execu\u00e7\u00e3o das provid\u00eancias consensuais decidas pelos parlamentares. [&hellip;]<\/p>\n","protected":false},"author":2,"featured_media":85441,"comment_status":"open","ping_status":"open","sticky":false,"template":"","format":"standard","meta":{"footnotes":"","_links_to":"","_links_to_target":""},"categories":[1],"tags":[],"class_list":["post-85439","post","type-post","status-publish","format-standard","has-post-thumbnail","hentry","category-geral"],"views":778,"_links":{"self":[{"href":"https:\/\/www.sudoestehoje.com.br\/novoportal\/wp-json\/wp\/v2\/posts\/85439","targetHints":{"allow":["GET"]}}],"collection":[{"href":"https:\/\/www.sudoestehoje.com.br\/novoportal\/wp-json\/wp\/v2\/posts"}],"about":[{"href":"https:\/\/www.sudoestehoje.com.br\/novoportal\/wp-json\/wp\/v2\/types\/post"}],"author":[{"embeddable":true,"href":"https:\/\/www.sudoestehoje.com.br\/novoportal\/wp-json\/wp\/v2\/users\/2"}],"replies":[{"embeddable":true,"href":"https:\/\/www.sudoestehoje.com.br\/novoportal\/wp-json\/wp\/v2\/comments?post=85439"}],"version-history":[{"count":3,"href":"https:\/\/www.sudoestehoje.com.br\/novoportal\/wp-json\/wp\/v2\/posts\/85439\/revisions"}],"predecessor-version":[{"id":85443,"href":"https:\/\/www.sudoestehoje.com.br\/novoportal\/wp-json\/wp\/v2\/posts\/85439\/revisions\/85443"}],"wp:featuredmedia":[{"embeddable":true,"href":"https:\/\/www.sudoestehoje.com.br\/novoportal\/wp-json\/wp\/v2\/media\/85441"}],"wp:attachment":[{"href":"https:\/\/www.sudoestehoje.com.br\/novoportal\/wp-json\/wp\/v2\/media?parent=85439"}],"wp:term":[{"taxonomy":"category","embeddable":true,"href":"https:\/\/www.sudoestehoje.com.br\/novoportal\/wp-json\/wp\/v2\/categories?post=85439"},{"taxonomy":"post_tag","embeddable":true,"href":"https:\/\/www.sudoestehoje.com.br\/novoportal\/wp-json\/wp\/v2\/tags?post=85439"}],"curies":[{"name":"wp","href":"https:\/\/api.w.org\/{rel}","templated":true}]}}