
{"id":85433,"date":"2020-03-16T18:44:38","date_gmt":"2020-03-16T21:44:38","guid":{"rendered":"https:\/\/www.sudoestehoje.com.br\/novoportal\/?p=85433"},"modified":"2020-03-16T19:16:37","modified_gmt":"2020-03-16T22:16:37","slug":"rui-costa-suspende-aulas-em-salvador-feira-de-santana-e-porto-seguro-e-expoe-o-resto-da-bahia-ao-coronavirus","status":"publish","type":"post","link":"https:\/\/www.sudoestehoje.com.br\/novoportal\/2020\/03\/16\/rui-costa-suspende-aulas-em-salvador-feira-de-santana-e-porto-seguro-e-expoe-o-resto-da-bahia-ao-coronavirus\/","title":{"rendered":"RUI COSTA SUSPENDE AULAS EM SALVADOR, FEIRA DE SANTANA E PORTO SEGURO E EXP\u00d5E O RESTO DA BAHIA AO CORONAV\u00cdRUS"},"content":{"rendered":"<p><a href=\"https:\/\/www.sudoestehoje.com.br\/novoportal\/wp-content\/uploads\/2020\/03\/rui-c.jpg\"><img loading=\"lazy\" decoding=\"async\" class=\"aligncenter size-medium wp-image-85435\" src=\"https:\/\/www.sudoestehoje.com.br\/novoportal\/wp-content\/uploads\/2020\/03\/rui-c-500x333.jpg\" alt=\"\" width=\"500\" height=\"333\" srcset=\"https:\/\/www.sudoestehoje.com.br\/novoportal\/wp-content\/uploads\/2020\/03\/rui-c-500x333.jpg 500w, https:\/\/www.sudoestehoje.com.br\/novoportal\/wp-content\/uploads\/2020\/03\/rui-c-768x512.jpg 768w, https:\/\/www.sudoestehoje.com.br\/novoportal\/wp-content\/uploads\/2020\/03\/rui-c-700x467.jpg 700w, https:\/\/www.sudoestehoje.com.br\/novoportal\/wp-content\/uploads\/2020\/03\/rui-c.jpg 1500w\" sizes=\"auto, (max-width: 500px) 100vw, 500px\" \/><\/a><\/p>\n<p>Ao contr\u00e1rio do que esperava, o governador da Bahia anunciou hoje que s\u00f3 vai suspender as aulas nas escolas da rede estadual das cidades onde h\u00e1 casos confirmados de Coronav\u00edrus, ou seja, <strong>Salvador, Feira de Santana e Porto Seguro.<\/strong><\/p>\n<p>Nos outros 414 munic\u00edpios da Bahia, o governador vai esperar o v\u00edrus se alastrar, para tomar alguma provid\u00eancia. Ser\u00e3o mais de 12 milh\u00f5es de baianos descobertos, por causa da cabe\u00e7a dura do governador.<\/p>\n<p>Ao inv\u00e9s de adotar uma medida preventiva para quebrar a corrente do v\u00edrus, Rui adotou medida paliativa, na equivocada tentativa de &#8216;cercar&#8217; o coronav\u00edrus nessas tr\u00eas cidades.<\/p>\n<p>Quem \u00e9 mesmo a cabe\u00e7a pensante nesse governo perverso da Bahia?<\/p>\n<p><strong><em>Por Davi Ferraz\u00a0\u00a0<\/em><\/strong><\/p>\n<p>&nbsp;<\/p>\n","protected":false},"excerpt":{"rendered":"<p>Ao contr\u00e1rio do que esperava, o governador da Bahia anunciou hoje que s\u00f3 vai suspender as aulas nas escolas da rede estadual das cidades onde h\u00e1 casos confirmados de Coronav\u00edrus, ou seja, Salvador, Feira de Santana e Porto Seguro. Nos outros 414 munic\u00edpios da Bahia, o governador vai esperar o v\u00edrus se alastrar, para tomar [&hellip;]<\/p>\n","protected":false},"author":2,"featured_media":85435,"comment_status":"open","ping_status":"open","sticky":false,"template":"","format":"standard","meta":{"footnotes":"","_links_to":"","_links_to_target":""},"categories":[1],"tags":[],"class_list":["post-85433","post","type-post","status-publish","format-standard","has-post-thumbnail","hentry","category-geral"],"views":823,"_links":{"self":[{"href":"https:\/\/www.sudoestehoje.com.br\/novoportal\/wp-json\/wp\/v2\/posts\/85433","targetHints":{"allow":["GET"]}}],"collection":[{"href":"https:\/\/www.sudoestehoje.com.br\/novoportal\/wp-json\/wp\/v2\/posts"}],"about":[{"href":"https:\/\/www.sudoestehoje.com.br\/novoportal\/wp-json\/wp\/v2\/types\/post"}],"author":[{"embeddable":true,"href":"https:\/\/www.sudoestehoje.com.br\/novoportal\/wp-json\/wp\/v2\/users\/2"}],"replies":[{"embeddable":true,"href":"https:\/\/www.sudoestehoje.com.br\/novoportal\/wp-json\/wp\/v2\/comments?post=85433"}],"version-history":[{"count":4,"href":"https:\/\/www.sudoestehoje.com.br\/novoportal\/wp-json\/wp\/v2\/posts\/85433\/revisions"}],"predecessor-version":[{"id":85438,"href":"https:\/\/www.sudoestehoje.com.br\/novoportal\/wp-json\/wp\/v2\/posts\/85433\/revisions\/85438"}],"wp:featuredmedia":[{"embeddable":true,"href":"https:\/\/www.sudoestehoje.com.br\/novoportal\/wp-json\/wp\/v2\/media\/85435"}],"wp:attachment":[{"href":"https:\/\/www.sudoestehoje.com.br\/novoportal\/wp-json\/wp\/v2\/media?parent=85433"}],"wp:term":[{"taxonomy":"category","embeddable":true,"href":"https:\/\/www.sudoestehoje.com.br\/novoportal\/wp-json\/wp\/v2\/categories?post=85433"},{"taxonomy":"post_tag","embeddable":true,"href":"https:\/\/www.sudoestehoje.com.br\/novoportal\/wp-json\/wp\/v2\/tags?post=85433"}],"curies":[{"name":"wp","href":"https:\/\/api.w.org\/{rel}","templated":true}]}}