
{"id":85427,"date":"2020-03-16T18:20:36","date_gmt":"2020-03-16T21:20:36","guid":{"rendered":"https:\/\/www.sudoestehoje.com.br\/novoportal\/?p=85427"},"modified":"2020-03-16T18:25:23","modified_gmt":"2020-03-16T21:25:23","slug":"prefeito-de-conquista-suspende-aulas-na-rede-municipal-e-privada-por-15-dias","status":"publish","type":"post","link":"https:\/\/www.sudoestehoje.com.br\/novoportal\/2020\/03\/16\/prefeito-de-conquista-suspende-aulas-na-rede-municipal-e-privada-por-15-dias\/","title":{"rendered":"PREFEITO DE CONQUISTA SUSPENDE AULAS NAS REDES MUNICIPAL E PRIVADA POR 15 DIAS"},"content":{"rendered":"<p><a href=\"https:\/\/www.sudoestehoje.com.br\/novoportal\/wp-content\/uploads\/2020\/03\/vitoria-da-conquista-1.jpg\"><img loading=\"lazy\" decoding=\"async\" class=\"aligncenter size-medium wp-image-85430\" src=\"https:\/\/www.sudoestehoje.com.br\/novoportal\/wp-content\/uploads\/2020\/03\/vitoria-da-conquista-1-500x281.jpg\" alt=\"\" width=\"500\" height=\"281\" srcset=\"https:\/\/www.sudoestehoje.com.br\/novoportal\/wp-content\/uploads\/2020\/03\/vitoria-da-conquista-1-500x281.jpg 500w, https:\/\/www.sudoestehoje.com.br\/novoportal\/wp-content\/uploads\/2020\/03\/vitoria-da-conquista-1-768x432.jpg 768w, https:\/\/www.sudoestehoje.com.br\/novoportal\/wp-content\/uploads\/2020\/03\/vitoria-da-conquista-1-700x394.jpg 700w, https:\/\/www.sudoestehoje.com.br\/novoportal\/wp-content\/uploads\/2020\/03\/vitoria-da-conquista-1.jpg 1920w\" sizes=\"auto, (max-width: 500px) 100vw, 500px\" \/><\/a><\/p>\n<p>Vit\u00f3ria da Conquista n\u00e3o possui nenhum caso confirmado de Covid-19, a doen\u00e7a provocada pelo Coronav\u00edrus. Mas o prefeito Herzem Gusm\u00e3o, com vistas a ampliar a preven\u00e7\u00e3o da popula\u00e7\u00e3o do munic\u00edpio, definiu pela publica\u00e7\u00e3o de Decreto que suspende algumas atividades na cidade e na zona rural.<\/p>\n<p>Na manh\u00e3 e tarde de hoje, o prefeito Herzem Gusm\u00e3o se reuniu com seu secretariado para tra\u00e7ar e ampliar as estrat\u00e9gias de preven\u00e7\u00e3o em nosso munic\u00edpio. At\u00e9 o momento, nenhum paciente investigado testou positivo para o v\u00edrus, mas diante do avan\u00e7o da Covid-19 na Bahia e no Brasil, o prefeito decidiu editar o Decreto 20.190 que tem por objetivo reduzir os riscos de contamina\u00e7\u00e3o da popula\u00e7\u00e3o conquistense. Em s\u00edntese, o Decreto diminui a exposi\u00e7\u00e3o de grupos de pessoas em determinados espa\u00e7os p\u00fablico e privados, como escolas.<\/p>\n<p>EXTENS\u00c3O DO DECRETO<\/p>\n<p>Os efeitos do Decreto, que vai ser publicado hoje (16) no Di\u00e1rio Oficial do Munic\u00edpio, come\u00e7am a partir da pr\u00f3xima quarta-feira (18) e define que:<\/p>\n<p>1- Todas as escolas da Rede Municipal de Ensino e de estabelecimentos privados de ensino que atuem no munic\u00edpio, incluindo universidades e faculdades particulares, ter\u00e3o as aulas suspensas por um per\u00edodo de 15 dias, que poder\u00e3o ser prorrog\u00e1veis.<br \/>\n2- A concess\u00e3o de f\u00e9rias dos profissionais de sa\u00fade e de cargos de import\u00e2ncia estrat\u00e9gica e essencial, a exemplo do Gabinete do Prefeito e Secretaria de Servi\u00e7os P\u00fablicos; estar\u00e3o suspensas por um per\u00edodo de 30 dias, prorrog\u00e1veis.<br \/>\n3- Todas as inaugura\u00e7\u00f5es ser\u00e3o feitas sem a presen\u00e7a de p\u00fablico at\u00e9 que se determine o contr\u00e1rio.<br \/>\n4- N\u00e3o aprova\u00e7\u00e3o de realiza\u00e7\u00e3o de todos os eventos que re\u00fanam cem ou mais pessoas que dependam de autoriza\u00e7\u00e3o do Poder P\u00fablico Municipal pelo prazo de 30 dias prorrog\u00e1veis.<br \/>\n5- Est\u00e3o suspensos por 30 dias, prorrog\u00e1veis, os deslocamentos para fora do munic\u00edpio de pacientes que estejam em tratamento eletivo.<br \/>\n6- Est\u00e3o suspensas para os usu\u00e1rios as atividades do Centro de Conviv\u00eancia do Idoso. O prazo \u00e9 de 30 dias prorrog\u00e1veis.<\/p>\n","protected":false},"excerpt":{"rendered":"<p>Vit\u00f3ria da Conquista n\u00e3o possui nenhum caso confirmado de Covid-19, a doen\u00e7a provocada pelo Coronav\u00edrus. Mas o prefeito Herzem Gusm\u00e3o, com vistas a ampliar a preven\u00e7\u00e3o da popula\u00e7\u00e3o do munic\u00edpio, definiu pela publica\u00e7\u00e3o de Decreto que suspende algumas atividades na cidade e na zona rural. Na manh\u00e3 e tarde de hoje, o prefeito Herzem Gusm\u00e3o [&hellip;]<\/p>\n","protected":false},"author":2,"featured_media":85430,"comment_status":"open","ping_status":"open","sticky":false,"template":"","format":"standard","meta":{"footnotes":"","_links_to":"","_links_to_target":""},"categories":[1],"tags":[],"class_list":["post-85427","post","type-post","status-publish","format-standard","has-post-thumbnail","hentry","category-geral"],"views":715,"_links":{"self":[{"href":"https:\/\/www.sudoestehoje.com.br\/novoportal\/wp-json\/wp\/v2\/posts\/85427","targetHints":{"allow":["GET"]}}],"collection":[{"href":"https:\/\/www.sudoestehoje.com.br\/novoportal\/wp-json\/wp\/v2\/posts"}],"about":[{"href":"https:\/\/www.sudoestehoje.com.br\/novoportal\/wp-json\/wp\/v2\/types\/post"}],"author":[{"embeddable":true,"href":"https:\/\/www.sudoestehoje.com.br\/novoportal\/wp-json\/wp\/v2\/users\/2"}],"replies":[{"embeddable":true,"href":"https:\/\/www.sudoestehoje.com.br\/novoportal\/wp-json\/wp\/v2\/comments?post=85427"}],"version-history":[{"count":4,"href":"https:\/\/www.sudoestehoje.com.br\/novoportal\/wp-json\/wp\/v2\/posts\/85427\/revisions"}],"predecessor-version":[{"id":85432,"href":"https:\/\/www.sudoestehoje.com.br\/novoportal\/wp-json\/wp\/v2\/posts\/85427\/revisions\/85432"}],"wp:featuredmedia":[{"embeddable":true,"href":"https:\/\/www.sudoestehoje.com.br\/novoportal\/wp-json\/wp\/v2\/media\/85430"}],"wp:attachment":[{"href":"https:\/\/www.sudoestehoje.com.br\/novoportal\/wp-json\/wp\/v2\/media?parent=85427"}],"wp:term":[{"taxonomy":"category","embeddable":true,"href":"https:\/\/www.sudoestehoje.com.br\/novoportal\/wp-json\/wp\/v2\/categories?post=85427"},{"taxonomy":"post_tag","embeddable":true,"href":"https:\/\/www.sudoestehoje.com.br\/novoportal\/wp-json\/wp\/v2\/tags?post=85427"}],"curies":[{"name":"wp","href":"https:\/\/api.w.org\/{rel}","templated":true}]}}