
{"id":85423,"date":"2020-03-16T18:02:47","date_gmt":"2020-03-16T21:02:47","guid":{"rendered":"https:\/\/www.sudoestehoje.com.br\/novoportal\/?p=85423"},"modified":"2020-03-16T18:04:20","modified_gmt":"2020-03-16T21:04:20","slug":"governador-pode-anunciar-nesta-segunda-a-suspensao-das-aulas-na-rede-estadual","status":"publish","type":"post","link":"https:\/\/www.sudoestehoje.com.br\/novoportal\/2020\/03\/16\/governador-pode-anunciar-nesta-segunda-a-suspensao-das-aulas-na-rede-estadual\/","title":{"rendered":"GOVERNADOR PODE ANUNCIAR NESTA SEGUNDA A SUSPENS\u00c3O DAS AULAS NA REDE ESTADUAL"},"content":{"rendered":"<p><a href=\"https:\/\/www.sudoestehoje.com.br\/novoportal\/wp-content\/uploads\/2020\/03\/RCC.jpg\"><img loading=\"lazy\" decoding=\"async\" class=\"aligncenter size-medium wp-image-85425\" src=\"https:\/\/www.sudoestehoje.com.br\/novoportal\/wp-content\/uploads\/2020\/03\/RCC-500x350.jpg\" alt=\"\" width=\"500\" height=\"350\" srcset=\"https:\/\/www.sudoestehoje.com.br\/novoportal\/wp-content\/uploads\/2020\/03\/RCC-500x350.jpg 500w, https:\/\/www.sudoestehoje.com.br\/novoportal\/wp-content\/uploads\/2020\/03\/RCC.jpg 600w\" sizes=\"auto, (max-width: 500px) 100vw, 500px\" \/><\/a><\/p>\n<p>O governador Rui Costa (PT) pode anunciar na noite desta segunda-feira (16), durante o Papo Correria, a suspens\u00e3o das aulas na rede p\u00fablica estadual de ensino.<\/p>\n<p>O secret\u00e1rio de Educa\u00e7\u00e3o da Bahia, Jer\u00f4nimo Rodrigues, informou ao\u00a0<strong>bahia.ba<\/strong>\u00a0que, at\u00e9 o momento, n\u00e3o h\u00e1\u00a0defini\u00e7\u00e3o sobre a manuten\u00e7\u00e3o ou n\u00e3o das aulas na rede estadual.\u00a0\u201c\u00c0 noite o governador se pronuncia\u201d, limitou-se a dizer o secret\u00e1rio.<\/p>\n<p>Em Salvador, o prefeito ACM Neto (DEM)<a href=\"https:\/\/bahia.ba\/politica\/coronavirus-acm-neto-anuncia-fechamento-de-escolas-academias-e-cinemas-em-salvador\/\">\u00a0anunciou nesta manh\u00e3 a suspens\u00e3o<\/a>, por 15 dias, das aulas na rede municipal e particular da capital baiana. Al\u00e9m disso, cinemas e academias de gin\u00e1stica tamb\u00e9m ser\u00e3o fechadas a partir de quarta (18).<\/p>\n<p>At\u00e9 o momento, a Bahia registra 9 casos de infectados pelo novo coronav\u00edrus. Em Salvador, s\u00e3o cinco.<\/p>\n","protected":false},"excerpt":{"rendered":"<p>O governador Rui Costa (PT) pode anunciar na noite desta segunda-feira (16), durante o Papo Correria, a suspens\u00e3o das aulas na rede p\u00fablica estadual de ensino. O secret\u00e1rio de Educa\u00e7\u00e3o da Bahia, Jer\u00f4nimo Rodrigues, informou ao\u00a0bahia.ba\u00a0que, at\u00e9 o momento, n\u00e3o h\u00e1\u00a0defini\u00e7\u00e3o sobre a manuten\u00e7\u00e3o ou n\u00e3o das aulas na rede estadual.\u00a0\u201c\u00c0 noite o governador se [&hellip;]<\/p>\n","protected":false},"author":2,"featured_media":85425,"comment_status":"open","ping_status":"open","sticky":false,"template":"","format":"standard","meta":{"footnotes":"","_links_to":"","_links_to_target":""},"categories":[1],"tags":[],"class_list":["post-85423","post","type-post","status-publish","format-standard","has-post-thumbnail","hentry","category-geral"],"views":728,"_links":{"self":[{"href":"https:\/\/www.sudoestehoje.com.br\/novoportal\/wp-json\/wp\/v2\/posts\/85423","targetHints":{"allow":["GET"]}}],"collection":[{"href":"https:\/\/www.sudoestehoje.com.br\/novoportal\/wp-json\/wp\/v2\/posts"}],"about":[{"href":"https:\/\/www.sudoestehoje.com.br\/novoportal\/wp-json\/wp\/v2\/types\/post"}],"author":[{"embeddable":true,"href":"https:\/\/www.sudoestehoje.com.br\/novoportal\/wp-json\/wp\/v2\/users\/2"}],"replies":[{"embeddable":true,"href":"https:\/\/www.sudoestehoje.com.br\/novoportal\/wp-json\/wp\/v2\/comments?post=85423"}],"version-history":[{"count":2,"href":"https:\/\/www.sudoestehoje.com.br\/novoportal\/wp-json\/wp\/v2\/posts\/85423\/revisions"}],"predecessor-version":[{"id":85426,"href":"https:\/\/www.sudoestehoje.com.br\/novoportal\/wp-json\/wp\/v2\/posts\/85423\/revisions\/85426"}],"wp:featuredmedia":[{"embeddable":true,"href":"https:\/\/www.sudoestehoje.com.br\/novoportal\/wp-json\/wp\/v2\/media\/85425"}],"wp:attachment":[{"href":"https:\/\/www.sudoestehoje.com.br\/novoportal\/wp-json\/wp\/v2\/media?parent=85423"}],"wp:term":[{"taxonomy":"category","embeddable":true,"href":"https:\/\/www.sudoestehoje.com.br\/novoportal\/wp-json\/wp\/v2\/categories?post=85423"},{"taxonomy":"post_tag","embeddable":true,"href":"https:\/\/www.sudoestehoje.com.br\/novoportal\/wp-json\/wp\/v2\/tags?post=85423"}],"curies":[{"name":"wp","href":"https:\/\/api.w.org\/{rel}","templated":true}]}}