
{"id":85417,"date":"2020-03-16T10:59:21","date_gmt":"2020-03-16T13:59:21","guid":{"rendered":"https:\/\/www.sudoestehoje.com.br\/novoportal\/?p=85417"},"modified":"2020-03-16T11:06:26","modified_gmt":"2020-03-16T14:06:26","slug":"consorcio-do-medio-sudoeste-abandona-recuperacao-da-estrada-de-macarani","status":"publish","type":"post","link":"https:\/\/www.sudoestehoje.com.br\/novoportal\/2020\/03\/16\/consorcio-do-medio-sudoeste-abandona-recuperacao-da-estrada-de-macarani\/","title":{"rendered":"CONS\u00d3RCIO DO M\u00c9DIO SUDOESTE ABANDONA RECUPERA\u00c7\u00c3O DA ESTRADA DE MACARANI"},"content":{"rendered":"<p><a href=\"https:\/\/www.sudoestehoje.com.br\/novoportal\/wp-content\/uploads\/2020\/03\/estrada-macarani-5.jpg\"><img loading=\"lazy\" decoding=\"async\" class=\"aligncenter size-medium wp-image-85419\" src=\"https:\/\/www.sudoestehoje.com.br\/novoportal\/wp-content\/uploads\/2020\/03\/estrada-macarani-5-500x375.jpg\" alt=\"\" width=\"500\" height=\"375\" srcset=\"https:\/\/www.sudoestehoje.com.br\/novoportal\/wp-content\/uploads\/2020\/03\/estrada-macarani-5-500x375.jpg 500w, https:\/\/www.sudoestehoje.com.br\/novoportal\/wp-content\/uploads\/2020\/03\/estrada-macarani-5-768x576.jpg 768w, https:\/\/www.sudoestehoje.com.br\/novoportal\/wp-content\/uploads\/2020\/03\/estrada-macarani-5-700x525.jpg 700w, https:\/\/www.sudoestehoje.com.br\/novoportal\/wp-content\/uploads\/2020\/03\/estrada-macarani-5.jpg 1280w\" sizes=\"auto, (max-width: 500px) 100vw, 500px\" \/><\/a><\/p>\n<p>Atrav\u00e9s de conv\u00eanio com a Secretaria de Infraestrutura do Estado da Bahia (SEINFRA), o <strong>Cons\u00f3rcio do M\u00e9dio Sudoeste<\/strong> ficou encarregado da recupera\u00e7\u00e3o do trecho da BA-270, entre Itapetinga e o entroncamento de Maiquinique, nas proximidades do rio Manjerona.<\/p>\n<p>No in\u00edcio de fevereiro, um tapa buracos de p\u00e9ssima qualidade foi iniciado, mas parou no trecho mais cr\u00edtico da rodovia, que \u00e9 uma buraqueira s\u00f3. Num per\u00edmetro de cerca de 40 km, apenas 4km foram recuperados e j\u00e1 est\u00e3o em estado cr\u00edtico, devido \u00e0s \u00faltimas chuvas e ao tr\u00e1fego intenso.<\/p>\n<p>Prefeitos da regi\u00e3o est\u00e3o de orelha em p\u00e9 com o presidente do Cons\u00f3rcio, Sr. <strong>Rony Moitinho<\/strong>, atual prefeito de Igua\u00ed, e amea\u00e7am denunci\u00e1-lo da Seinfra e abandonar o Cons\u00f3rcio, j\u00e1 que os recursos liberados n\u00e3o foram bem aplicados.<\/p>\n<p><a href=\"https:\/\/www.sudoestehoje.com.br\/novoportal\/wp-content\/uploads\/2020\/03\/estrada-macarani-1.jpg\"><img loading=\"lazy\" decoding=\"async\" class=\"aligncenter size-medium wp-image-85421\" src=\"https:\/\/www.sudoestehoje.com.br\/novoportal\/wp-content\/uploads\/2020\/03\/estrada-macarani-1-500x375.jpg\" alt=\"\" width=\"500\" height=\"375\" srcset=\"https:\/\/www.sudoestehoje.com.br\/novoportal\/wp-content\/uploads\/2020\/03\/estrada-macarani-1-500x375.jpg 500w, https:\/\/www.sudoestehoje.com.br\/novoportal\/wp-content\/uploads\/2020\/03\/estrada-macarani-1-768x576.jpg 768w, https:\/\/www.sudoestehoje.com.br\/novoportal\/wp-content\/uploads\/2020\/03\/estrada-macarani-1-700x525.jpg 700w, https:\/\/www.sudoestehoje.com.br\/novoportal\/wp-content\/uploads\/2020\/03\/estrada-macarani-1.jpg 960w\" sizes=\"auto, (max-width: 500px) 100vw, 500px\" \/><\/a><\/p>\n<p>Um dos insatisfeitos \u00e9 o prefeito de Macarani, Dr. Miller Ferraz, que n\u00e3o se conforma com o estado de abandono do rodovia que liga o seu munic\u00edpio \u00e0s outras cidade da regi\u00e3o.<\/p>\n<p>Tapa-buracos continua sendo realizado por tr\u00eas moradores da regi\u00e3o, por alguns trocados doados por motoristas.<\/p>\n<p>Uma vergonha!<\/p>\n<p><strong><em>Por Davi Ferraz<\/em><\/strong><\/p>\n","protected":false},"excerpt":{"rendered":"<p>Atrav\u00e9s de conv\u00eanio com a Secretaria de Infraestrutura do Estado da Bahia (SEINFRA), o Cons\u00f3rcio do M\u00e9dio Sudoeste ficou encarregado da recupera\u00e7\u00e3o do trecho da BA-270, entre Itapetinga e o entroncamento de Maiquinique, nas proximidades do rio Manjerona. No in\u00edcio de fevereiro, um tapa buracos de p\u00e9ssima qualidade foi iniciado, mas parou no trecho mais [&hellip;]<\/p>\n","protected":false},"author":2,"featured_media":85419,"comment_status":"open","ping_status":"open","sticky":false,"template":"","format":"standard","meta":{"footnotes":"","_links_to":"","_links_to_target":""},"categories":[1],"tags":[],"class_list":["post-85417","post","type-post","status-publish","format-standard","has-post-thumbnail","hentry","category-geral"],"views":1091,"_links":{"self":[{"href":"https:\/\/www.sudoestehoje.com.br\/novoportal\/wp-json\/wp\/v2\/posts\/85417","targetHints":{"allow":["GET"]}}],"collection":[{"href":"https:\/\/www.sudoestehoje.com.br\/novoportal\/wp-json\/wp\/v2\/posts"}],"about":[{"href":"https:\/\/www.sudoestehoje.com.br\/novoportal\/wp-json\/wp\/v2\/types\/post"}],"author":[{"embeddable":true,"href":"https:\/\/www.sudoestehoje.com.br\/novoportal\/wp-json\/wp\/v2\/users\/2"}],"replies":[{"embeddable":true,"href":"https:\/\/www.sudoestehoje.com.br\/novoportal\/wp-json\/wp\/v2\/comments?post=85417"}],"version-history":[{"count":3,"href":"https:\/\/www.sudoestehoje.com.br\/novoportal\/wp-json\/wp\/v2\/posts\/85417\/revisions"}],"predecessor-version":[{"id":85422,"href":"https:\/\/www.sudoestehoje.com.br\/novoportal\/wp-json\/wp\/v2\/posts\/85417\/revisions\/85422"}],"wp:featuredmedia":[{"embeddable":true,"href":"https:\/\/www.sudoestehoje.com.br\/novoportal\/wp-json\/wp\/v2\/media\/85419"}],"wp:attachment":[{"href":"https:\/\/www.sudoestehoje.com.br\/novoportal\/wp-json\/wp\/v2\/media?parent=85417"}],"wp:term":[{"taxonomy":"category","embeddable":true,"href":"https:\/\/www.sudoestehoje.com.br\/novoportal\/wp-json\/wp\/v2\/categories?post=85417"},{"taxonomy":"post_tag","embeddable":true,"href":"https:\/\/www.sudoestehoje.com.br\/novoportal\/wp-json\/wp\/v2\/tags?post=85417"}],"curies":[{"name":"wp","href":"https:\/\/api.w.org\/{rel}","templated":true}]}}