
{"id":85408,"date":"2020-03-16T09:54:54","date_gmt":"2020-03-16T12:54:54","guid":{"rendered":"https:\/\/www.sudoestehoje.com.br\/novoportal\/?p=85408"},"modified":"2020-03-16T09:54:54","modified_gmt":"2020-03-16T12:54:54","slug":"pt-realiza-movimento-fraco-em-itapetinga-e-desanima-partidos-de-oposicao","status":"publish","type":"post","link":"https:\/\/www.sudoestehoje.com.br\/novoportal\/2020\/03\/16\/pt-realiza-movimento-fraco-em-itapetinga-e-desanima-partidos-de-oposicao\/","title":{"rendered":"PT REALIZA MOVIMENTO FRACO EM ITAPETINGA E DESANIMA PARTIDOS DE OPOSI\u00c7\u00c3O"},"content":{"rendered":"<p><a href=\"https:\/\/www.sudoestehoje.com.br\/novoportal\/wp-content\/uploads\/2020\/03\/pt-encontro-3.jpg\"><img loading=\"lazy\" decoding=\"async\" class=\"aligncenter size-medium wp-image-85411\" src=\"https:\/\/www.sudoestehoje.com.br\/novoportal\/wp-content\/uploads\/2020\/03\/pt-encontro-3-500x281.jpg\" alt=\"\" width=\"500\" height=\"281\" srcset=\"https:\/\/www.sudoestehoje.com.br\/novoportal\/wp-content\/uploads\/2020\/03\/pt-encontro-3-500x281.jpg 500w, https:\/\/www.sudoestehoje.com.br\/novoportal\/wp-content\/uploads\/2020\/03\/pt-encontro-3-768x432.jpg 768w, https:\/\/www.sudoestehoje.com.br\/novoportal\/wp-content\/uploads\/2020\/03\/pt-encontro-3-700x394.jpg 700w, https:\/\/www.sudoestehoje.com.br\/novoportal\/wp-content\/uploads\/2020\/03\/pt-encontro-3.jpg 1280w\" sizes=\"auto, (max-width: 500px) 100vw, 500px\" \/><\/a><\/p>\n<p>Neste final de semana, o Partido dos Trabalhadores &#8211; PT realizou um Encontro Regional em Itapetinga, capitaneado pelo deputado estadual Rosemberg Pinto, l\u00edder do governo na Assembl\u00e9ia Legislativa.<\/p>\n<p>Com lideran\u00e7as petista de diversos munic\u00edpios do M\u00e9dio Sudoeste, o encontro decepcionou e levou os demais partidos de oposi\u00e7\u00e3o em Itapetinga a ficarem preocupados e a repensarem a rela\u00e7\u00e3o com o PT, que nem sequer conseguiu lotar o audit\u00f3rio da C\u00e2mara de Vereadores, que possui apenas 120 assentos, apesar do &#8216;refor\u00e7o&#8217; de fora.<\/p>\n<p><a href=\"https:\/\/www.sudoestehoje.com.br\/novoportal\/wp-content\/uploads\/2020\/03\/pt-encontro-2.jpg\"><img loading=\"lazy\" decoding=\"async\" class=\"aligncenter size-medium wp-image-85414\" src=\"https:\/\/www.sudoestehoje.com.br\/novoportal\/wp-content\/uploads\/2020\/03\/pt-encontro-2-500x375.jpg\" alt=\"\" width=\"500\" height=\"375\" srcset=\"https:\/\/www.sudoestehoje.com.br\/novoportal\/wp-content\/uploads\/2020\/03\/pt-encontro-2-500x375.jpg 500w, https:\/\/www.sudoestehoje.com.br\/novoportal\/wp-content\/uploads\/2020\/03\/pt-encontro-2-768x576.jpg 768w, https:\/\/www.sudoestehoje.com.br\/novoportal\/wp-content\/uploads\/2020\/03\/pt-encontro-2-700x525.jpg 700w, https:\/\/www.sudoestehoje.com.br\/novoportal\/wp-content\/uploads\/2020\/03\/pt-encontro-2.jpg 960w\" sizes=\"auto, (max-width: 500px) 100vw, 500px\" \/><\/a><\/p>\n<p>Um pr\u00e9-candidato a vereador pela oposi\u00e7\u00e3o, que compareceu ao encontro, n\u00e3o escondeu a decep\u00e7\u00e3o e desabafou: <strong><em>&#8220;\u00c9 esse o partido que quer unir as oposi\u00e7\u00f5es de Itapetinga para reconquistar a prefeitura? Pelo que eu vi aqui hoje, vamos ter dificuldade at\u00e9 para eleger vereador. Vamos fazer dois ou tr\u00eas, e olha l\u00e1. Trouxeram at\u00e9 crian\u00e7as de escolinha de capoeira para preencher os espa\u00e7os vazios do audit\u00f3rio e n\u00e3o conseguiram. S\u00f3 tinha gente de Itoror\u00f3&#8221;<\/em><\/strong>, concluiu o revoltado opositor.<\/p>\n<p>Al\u00e9m dos petistas de Itapetinga e partidos de oposi\u00e7\u00e3o locais, participaram do evento lideran\u00e7as pol\u00edticas de Itamb\u00e9, Itoror\u00f3, Igua\u00ed, Itabuna, Itarantim e outras cidade da regi\u00e3o.<\/p>\n<p>Contam que muita gente da oposi\u00e7\u00e3o <em>torceu o nariz<\/em> quando o nome do desgastado e fragilizado Z\u00e9 Carlos Moura foi aventado para concorrer \u00e0 prefeitura de Itapetinga, em 4 de outubro.<\/p>\n<p><strong><em>Por Davi Ferraz<\/em><\/strong><\/p>\n","protected":false},"excerpt":{"rendered":"<p>Neste final de semana, o Partido dos Trabalhadores &#8211; PT realizou um Encontro Regional em Itapetinga, capitaneado pelo deputado estadual Rosemberg Pinto, l\u00edder do governo na Assembl\u00e9ia Legislativa. Com lideran\u00e7as petista de diversos munic\u00edpios do M\u00e9dio Sudoeste, o encontro decepcionou e levou os demais partidos de oposi\u00e7\u00e3o em Itapetinga a ficarem preocupados e a repensarem [&hellip;]<\/p>\n","protected":false},"author":2,"featured_media":85411,"comment_status":"open","ping_status":"open","sticky":false,"template":"","format":"standard","meta":{"footnotes":"","_links_to":"","_links_to_target":""},"categories":[1],"tags":[],"class_list":["post-85408","post","type-post","status-publish","format-standard","has-post-thumbnail","hentry","category-geral"],"views":999,"_links":{"self":[{"href":"https:\/\/www.sudoestehoje.com.br\/novoportal\/wp-json\/wp\/v2\/posts\/85408","targetHints":{"allow":["GET"]}}],"collection":[{"href":"https:\/\/www.sudoestehoje.com.br\/novoportal\/wp-json\/wp\/v2\/posts"}],"about":[{"href":"https:\/\/www.sudoestehoje.com.br\/novoportal\/wp-json\/wp\/v2\/types\/post"}],"author":[{"embeddable":true,"href":"https:\/\/www.sudoestehoje.com.br\/novoportal\/wp-json\/wp\/v2\/users\/2"}],"replies":[{"embeddable":true,"href":"https:\/\/www.sudoestehoje.com.br\/novoportal\/wp-json\/wp\/v2\/comments?post=85408"}],"version-history":[{"count":2,"href":"https:\/\/www.sudoestehoje.com.br\/novoportal\/wp-json\/wp\/v2\/posts\/85408\/revisions"}],"predecessor-version":[{"id":85416,"href":"https:\/\/www.sudoestehoje.com.br\/novoportal\/wp-json\/wp\/v2\/posts\/85408\/revisions\/85416"}],"wp:featuredmedia":[{"embeddable":true,"href":"https:\/\/www.sudoestehoje.com.br\/novoportal\/wp-json\/wp\/v2\/media\/85411"}],"wp:attachment":[{"href":"https:\/\/www.sudoestehoje.com.br\/novoportal\/wp-json\/wp\/v2\/media?parent=85408"}],"wp:term":[{"taxonomy":"category","embeddable":true,"href":"https:\/\/www.sudoestehoje.com.br\/novoportal\/wp-json\/wp\/v2\/categories?post=85408"},{"taxonomy":"post_tag","embeddable":true,"href":"https:\/\/www.sudoestehoje.com.br\/novoportal\/wp-json\/wp\/v2\/tags?post=85408"}],"curies":[{"name":"wp","href":"https:\/\/api.w.org\/{rel}","templated":true}]}}