
{"id":85397,"date":"2020-03-14T22:28:31","date_gmt":"2020-03-15T01:28:31","guid":{"rendered":"https:\/\/www.sudoestehoje.com.br\/novoportal\/?p=85397"},"modified":"2020-03-14T22:28:31","modified_gmt":"2020-03-15T01:28:31","slug":"itapetinga-procissao-de-sao-jose-e-cancelada-devido-ao-coronavirus","status":"publish","type":"post","link":"https:\/\/www.sudoestehoje.com.br\/novoportal\/2020\/03\/14\/itapetinga-procissao-de-sao-jose-e-cancelada-devido-ao-coronavirus\/","title":{"rendered":"ITAPETINGA: PROCISS\u00c3O DE S\u00c3O JOS\u00c9 \u00c9 CANCELADA DEVIDO AO CORONAV\u00cdRUS"},"content":{"rendered":"<p><a href=\"https:\/\/www.sudoestehoje.com.br\/novoportal\/wp-content\/uploads\/2020\/03\/s\u00e3o-j1.jpg\"><img loading=\"lazy\" decoding=\"async\" class=\"aligncenter size-medium wp-image-85398\" src=\"https:\/\/www.sudoestehoje.com.br\/novoportal\/wp-content\/uploads\/2020\/03\/s\u00e3o-j1-500x375.jpg\" alt=\"\" width=\"500\" height=\"375\" srcset=\"https:\/\/www.sudoestehoje.com.br\/novoportal\/wp-content\/uploads\/2020\/03\/s\u00e3o-j1-500x375.jpg 500w, https:\/\/www.sudoestehoje.com.br\/novoportal\/wp-content\/uploads\/2020\/03\/s\u00e3o-j1-768x576.jpg 768w, https:\/\/www.sudoestehoje.com.br\/novoportal\/wp-content\/uploads\/2020\/03\/s\u00e3o-j1-700x525.jpg 700w, https:\/\/www.sudoestehoje.com.br\/novoportal\/wp-content\/uploads\/2020\/03\/s\u00e3o-j1.jpg 960w\" sizes=\"auto, (max-width: 500px) 100vw, 500px\" \/><\/a><\/p>\n<p>A tradicional Prociss\u00e3o de S\u00e3o Jos\u00e9, realizada anualmente no dia em que se comemora o padroeiro de Itapetinga, foi cancelada pela igreja e comunidade cat\u00f3lica, devido ao corona v\u00edrus.<\/p>\n<p>De acordo com informa\u00e7\u00f5es colhidas pelo <em>Sudoeste Hoje<\/em>, a Igreja de S\u00e3o Jos\u00e9 realizar\u00e1 missas internas durante o dia comemorativo ao nosso padroeiro (19 de mar\u00e7o), de forma a evitar alta concentra\u00e7\u00e3o de pessoas no mesmo hor\u00e1rio.<\/p>\n<p>Aguardem mais informa\u00e7\u00f5es.<\/p>\n<p><strong><em>Reda\u00e7\u00e3o SH<\/em><\/strong><\/p>\n","protected":false},"excerpt":{"rendered":"<p>A tradicional Prociss\u00e3o de S\u00e3o Jos\u00e9, realizada anualmente no dia em que se comemora o padroeiro de Itapetinga, foi cancelada pela igreja e comunidade cat\u00f3lica, devido ao corona v\u00edrus. De acordo com informa\u00e7\u00f5es colhidas pelo Sudoeste Hoje, a Igreja de S\u00e3o Jos\u00e9 realizar\u00e1 missas internas durante o dia comemorativo ao nosso padroeiro (19 de mar\u00e7o), [&hellip;]<\/p>\n","protected":false},"author":2,"featured_media":85398,"comment_status":"open","ping_status":"open","sticky":false,"template":"","format":"standard","meta":{"footnotes":"","_links_to":"","_links_to_target":""},"categories":[1],"tags":[],"class_list":["post-85397","post","type-post","status-publish","format-standard","has-post-thumbnail","hentry","category-geral"],"views":810,"_links":{"self":[{"href":"https:\/\/www.sudoestehoje.com.br\/novoportal\/wp-json\/wp\/v2\/posts\/85397","targetHints":{"allow":["GET"]}}],"collection":[{"href":"https:\/\/www.sudoestehoje.com.br\/novoportal\/wp-json\/wp\/v2\/posts"}],"about":[{"href":"https:\/\/www.sudoestehoje.com.br\/novoportal\/wp-json\/wp\/v2\/types\/post"}],"author":[{"embeddable":true,"href":"https:\/\/www.sudoestehoje.com.br\/novoportal\/wp-json\/wp\/v2\/users\/2"}],"replies":[{"embeddable":true,"href":"https:\/\/www.sudoestehoje.com.br\/novoportal\/wp-json\/wp\/v2\/comments?post=85397"}],"version-history":[{"count":2,"href":"https:\/\/www.sudoestehoje.com.br\/novoportal\/wp-json\/wp\/v2\/posts\/85397\/revisions"}],"predecessor-version":[{"id":85400,"href":"https:\/\/www.sudoestehoje.com.br\/novoportal\/wp-json\/wp\/v2\/posts\/85397\/revisions\/85400"}],"wp:featuredmedia":[{"embeddable":true,"href":"https:\/\/www.sudoestehoje.com.br\/novoportal\/wp-json\/wp\/v2\/media\/85398"}],"wp:attachment":[{"href":"https:\/\/www.sudoestehoje.com.br\/novoportal\/wp-json\/wp\/v2\/media?parent=85397"}],"wp:term":[{"taxonomy":"category","embeddable":true,"href":"https:\/\/www.sudoestehoje.com.br\/novoportal\/wp-json\/wp\/v2\/categories?post=85397"},{"taxonomy":"post_tag","embeddable":true,"href":"https:\/\/www.sudoestehoje.com.br\/novoportal\/wp-json\/wp\/v2\/tags?post=85397"}],"curies":[{"name":"wp","href":"https:\/\/api.w.org\/{rel}","templated":true}]}}