
{"id":85394,"date":"2020-03-14T21:54:26","date_gmt":"2020-03-15T00:54:26","guid":{"rendered":"https:\/\/www.sudoestehoje.com.br\/novoportal\/?p=85394"},"modified":"2020-03-14T21:54:26","modified_gmt":"2020-03-15T00:54:26","slug":"teste-de-trump-para-coronavirus-da-negativo","status":"publish","type":"post","link":"https:\/\/www.sudoestehoje.com.br\/novoportal\/2020\/03\/14\/teste-de-trump-para-coronavirus-da-negativo\/","title":{"rendered":"TESTE DE TRUMP PARA CORONAV\u00cdRUS D\u00c1 NEGATIVO"},"content":{"rendered":"<div id=\"attachment_85395\" style=\"width: 510px\" class=\"wp-caption aligncenter\"><a href=\"https:\/\/www.sudoestehoje.com.br\/novoportal\/wp-content\/uploads\/2020\/03\/TRUMP-NEGATIVO.jpg\"><img loading=\"lazy\" decoding=\"async\" aria-describedby=\"caption-attachment-85395\" class=\"size-medium wp-image-85395\" src=\"https:\/\/www.sudoestehoje.com.br\/novoportal\/wp-content\/uploads\/2020\/03\/TRUMP-NEGATIVO-500x299.jpg\" alt=\"\" width=\"500\" height=\"299\" srcset=\"https:\/\/www.sudoestehoje.com.br\/novoportal\/wp-content\/uploads\/2020\/03\/TRUMP-NEGATIVO-500x299.jpg 500w, https:\/\/www.sudoestehoje.com.br\/novoportal\/wp-content\/uploads\/2020\/03\/TRUMP-NEGATIVO-768x459.jpg 768w, https:\/\/www.sudoestehoje.com.br\/novoportal\/wp-content\/uploads\/2020\/03\/TRUMP-NEGATIVO-700x419.jpg 700w, https:\/\/www.sudoestehoje.com.br\/novoportal\/wp-content\/uploads\/2020\/03\/TRUMP-NEGATIVO.jpg 1170w\" sizes=\"auto, (max-width: 500px) 100vw, 500px\" \/><\/a><p id=\"caption-attachment-85395\" class=\"wp-caption-text\">O presidente do Brasil, Jair Bolsonaro, e o presidente dos EUA, Donald Trump, durante uma entrevista coletiva no Rose Garden da Casa Branca, em Washington (EUA)<\/p><\/div>\n<p>O resultado do teste para o\u00a0<strong>novo coronav\u00edrus<\/strong>. do presidente americano\u00a0<strong>Donald Trump<\/strong>\u00a0deu\u00a0<strong>negativo<\/strong>, anunciou seu m\u00e9dico Sean Conley em nota neste s\u00e1bado, 14. \u00a0Trump havia anunciado durante que tinha realizado os exames na noite de sexta-feira, mas n\u00e3o detalhou quando o resultado sairia.<\/p>\n<p>A imprensa americana pressionava o presidente por maiores esclarecimentos \u2013 se havia ou n\u00e3o se submetido a um teste de cont\u00e1gio do Covid-19, por exemplo \u2013 desde que foi confirmado que o secret\u00e1rio de Comunica\u00e7\u00e3o do governo de\u00a0<strong>Jair Bolsonaro<\/strong>,\u00a0<strong>Fabio Wajngarten<\/strong>, estava contaminado. Wajngarten integrava a comitiva do presidente Bolsonaro que viajou a Miami no \u00faltimo fim de semana. Na ocasi\u00e3o, Bolsonaro e Trump jantaram juntos e realizaram reuni\u00f5es bilaterais.<\/p>\n<p>Duas outras pessoas que estavam com o presidente em Mar-a-Lago \u2013 o senador Nelsinho Trad (PSD-MS) e a advogada pessoal de Bolsonaro, Karina Kufa \u2013 testaram positivo. Outros integrantes da comitiva, como o deputado Eduardo Bolsonaro, o \u2018zero tr\u00eas\u2019, e a primeira-dama Michelle Bolsonaro receberam resultados negativos para o novo coronav\u00edrus. O presidente Bolsonaro tamb\u00e9m se submeteu aos testes e anunciou nas redes sociais que n\u00e3o estava infectado.\u00a0<em>(com Reuters)<\/em><\/p>\n","protected":false},"excerpt":{"rendered":"<p>O resultado do teste para o\u00a0novo coronav\u00edrus. do presidente americano\u00a0Donald Trump\u00a0deu\u00a0negativo, anunciou seu m\u00e9dico Sean Conley em nota neste s\u00e1bado, 14. \u00a0Trump havia anunciado durante que tinha realizado os exames na noite de sexta-feira, mas n\u00e3o detalhou quando o resultado sairia. A imprensa americana pressionava o presidente por maiores esclarecimentos \u2013 se havia ou n\u00e3o [&hellip;]<\/p>\n","protected":false},"author":2,"featured_media":85395,"comment_status":"open","ping_status":"open","sticky":false,"template":"","format":"standard","meta":{"footnotes":"","_links_to":"","_links_to_target":""},"categories":[1],"tags":[],"class_list":["post-85394","post","type-post","status-publish","format-standard","has-post-thumbnail","hentry","category-geral"],"views":722,"_links":{"self":[{"href":"https:\/\/www.sudoestehoje.com.br\/novoportal\/wp-json\/wp\/v2\/posts\/85394","targetHints":{"allow":["GET"]}}],"collection":[{"href":"https:\/\/www.sudoestehoje.com.br\/novoportal\/wp-json\/wp\/v2\/posts"}],"about":[{"href":"https:\/\/www.sudoestehoje.com.br\/novoportal\/wp-json\/wp\/v2\/types\/post"}],"author":[{"embeddable":true,"href":"https:\/\/www.sudoestehoje.com.br\/novoportal\/wp-json\/wp\/v2\/users\/2"}],"replies":[{"embeddable":true,"href":"https:\/\/www.sudoestehoje.com.br\/novoportal\/wp-json\/wp\/v2\/comments?post=85394"}],"version-history":[{"count":1,"href":"https:\/\/www.sudoestehoje.com.br\/novoportal\/wp-json\/wp\/v2\/posts\/85394\/revisions"}],"predecessor-version":[{"id":85396,"href":"https:\/\/www.sudoestehoje.com.br\/novoportal\/wp-json\/wp\/v2\/posts\/85394\/revisions\/85396"}],"wp:featuredmedia":[{"embeddable":true,"href":"https:\/\/www.sudoestehoje.com.br\/novoportal\/wp-json\/wp\/v2\/media\/85395"}],"wp:attachment":[{"href":"https:\/\/www.sudoestehoje.com.br\/novoportal\/wp-json\/wp\/v2\/media?parent=85394"}],"wp:term":[{"taxonomy":"category","embeddable":true,"href":"https:\/\/www.sudoestehoje.com.br\/novoportal\/wp-json\/wp\/v2\/categories?post=85394"},{"taxonomy":"post_tag","embeddable":true,"href":"https:\/\/www.sudoestehoje.com.br\/novoportal\/wp-json\/wp\/v2\/tags?post=85394"}],"curies":[{"name":"wp","href":"https:\/\/api.w.org\/{rel}","templated":true}]}}