
{"id":85389,"date":"2020-03-14T20:47:44","date_gmt":"2020-03-14T23:47:44","guid":{"rendered":"https:\/\/www.sudoestehoje.com.br\/novoportal\/?p=85389"},"modified":"2020-03-14T20:56:36","modified_gmt":"2020-03-14T23:56:36","slug":"saae-recupera-adutora-e-abastecimento-sera-normalizado-nas-proximas-horas","status":"publish","type":"post","link":"https:\/\/www.sudoestehoje.com.br\/novoportal\/2020\/03\/14\/saae-recupera-adutora-e-abastecimento-sera-normalizado-nas-proximas-horas\/","title":{"rendered":"SAAE RECUPERA ADUTORA E ABASTECIMENTO SER\u00c1 NORMALIZADO NAS PR\u00d3XIMAS HORAS"},"content":{"rendered":"<p><a href=\"https:\/\/www.sudoestehoje.com.br\/novoportal\/wp-content\/uploads\/2020\/03\/saae-adut-1.jpg\"><img loading=\"lazy\" decoding=\"async\" class=\"aligncenter size-medium wp-image-85391\" src=\"https:\/\/www.sudoestehoje.com.br\/novoportal\/wp-content\/uploads\/2020\/03\/saae-adut-1-500x281.jpg\" alt=\"\" width=\"500\" height=\"281\" srcset=\"https:\/\/www.sudoestehoje.com.br\/novoportal\/wp-content\/uploads\/2020\/03\/saae-adut-1-500x281.jpg 500w, https:\/\/www.sudoestehoje.com.br\/novoportal\/wp-content\/uploads\/2020\/03\/saae-adut-1-768x431.jpg 768w, https:\/\/www.sudoestehoje.com.br\/novoportal\/wp-content\/uploads\/2020\/03\/saae-adut-1-700x393.jpg 700w, https:\/\/www.sudoestehoje.com.br\/novoportal\/wp-content\/uploads\/2020\/03\/saae-adut-1.jpg 1040w\" sizes=\"auto, (max-width: 500px) 100vw, 500px\" \/><\/a><\/p>\n<p>No inicio da noite deste s\u00e1bado (14), equipes t\u00e9cnicas do SAAE conclu\u00edram a recupera\u00e7\u00e3o da adutora de \u00e1gua bruta do Rio Catol\u00e9, que havia rompido na noite de ontem.<\/p>\n<p>De acordo o o diretor da autarquia, Alex Dutra, alguns servi\u00e7os complementares est\u00e3o sendo realizados para normaliza\u00e7\u00e3o do abastecimento, que acontecer\u00e1 de forma gradual em todos os bairros de Itapetinga a partir deste domingo.<\/p>\n<p>O SAAE pede que tota a popula\u00e7\u00e3o continue economizando \u00e1gua em suas resid\u00eancias, at\u00e9 a normaliza\u00e7\u00e3o total do abastecimento.<\/p>\n<p><strong><em>Por Davi Ferraz<\/em><\/strong><\/p>\n","protected":false},"excerpt":{"rendered":"<p>No inicio da noite deste s\u00e1bado (14), equipes t\u00e9cnicas do SAAE conclu\u00edram a recupera\u00e7\u00e3o da adutora de \u00e1gua bruta do Rio Catol\u00e9, que havia rompido na noite de ontem. De acordo o o diretor da autarquia, Alex Dutra, alguns servi\u00e7os complementares est\u00e3o sendo realizados para normaliza\u00e7\u00e3o do abastecimento, que acontecer\u00e1 de forma gradual em todos [&hellip;]<\/p>\n","protected":false},"author":2,"featured_media":85391,"comment_status":"open","ping_status":"open","sticky":false,"template":"","format":"standard","meta":{"footnotes":"","_links_to":"","_links_to_target":""},"categories":[1],"tags":[],"class_list":["post-85389","post","type-post","status-publish","format-standard","has-post-thumbnail","hentry","category-geral"],"views":958,"_links":{"self":[{"href":"https:\/\/www.sudoestehoje.com.br\/novoportal\/wp-json\/wp\/v2\/posts\/85389","targetHints":{"allow":["GET"]}}],"collection":[{"href":"https:\/\/www.sudoestehoje.com.br\/novoportal\/wp-json\/wp\/v2\/posts"}],"about":[{"href":"https:\/\/www.sudoestehoje.com.br\/novoportal\/wp-json\/wp\/v2\/types\/post"}],"author":[{"embeddable":true,"href":"https:\/\/www.sudoestehoje.com.br\/novoportal\/wp-json\/wp\/v2\/users\/2"}],"replies":[{"embeddable":true,"href":"https:\/\/www.sudoestehoje.com.br\/novoportal\/wp-json\/wp\/v2\/comments?post=85389"}],"version-history":[{"count":3,"href":"https:\/\/www.sudoestehoje.com.br\/novoportal\/wp-json\/wp\/v2\/posts\/85389\/revisions"}],"predecessor-version":[{"id":85393,"href":"https:\/\/www.sudoestehoje.com.br\/novoportal\/wp-json\/wp\/v2\/posts\/85389\/revisions\/85393"}],"wp:featuredmedia":[{"embeddable":true,"href":"https:\/\/www.sudoestehoje.com.br\/novoportal\/wp-json\/wp\/v2\/media\/85391"}],"wp:attachment":[{"href":"https:\/\/www.sudoestehoje.com.br\/novoportal\/wp-json\/wp\/v2\/media?parent=85389"}],"wp:term":[{"taxonomy":"category","embeddable":true,"href":"https:\/\/www.sudoestehoje.com.br\/novoportal\/wp-json\/wp\/v2\/categories?post=85389"},{"taxonomy":"post_tag","embeddable":true,"href":"https:\/\/www.sudoestehoje.com.br\/novoportal\/wp-json\/wp\/v2\/tags?post=85389"}],"curies":[{"name":"wp","href":"https:\/\/api.w.org\/{rel}","templated":true}]}}